{"id":15940,"date":"2021-07-23T23:56:59","date_gmt":"2021-07-23T22:56:59","guid":{"rendered":"http:\/\/ostrowska.tv\/?p=15940"},"modified":"2021-07-23T23:59:14","modified_gmt":"2021-07-23T22:59:14","slug":"audi-rozbite-na-barierze","status":"publish","type":"post","link":"https:\/\/ostrowskatv.pl\/?p=15940","title":{"rendered":"Audi rozbite na barierze"},"content":{"rendered":"<p><strong>Trzech m\u0142odych m\u0119\u017cczyzn postanowili przejecha\u0107 si\u0119 nocn\u0105 por\u0105. Po godzinie 23 jechali od strony Czekanowa w kierunku Ostrowa Wielkopolskiego. Na wysoko\u015bci wiaduktu z obwodnic\u0105 Ostrowa kierowca audi straci\u0142 panowanie nad autem i wjecha\u0142 w barier\u0119 energoch\u0142onn\u0105.<\/strong><\/p>\n<p>Kierowca audi policjantom t\u0142umaczy\u0142 si\u0119, \u017ce drog\u0119 zajecha\u0142 mu mercedes typu SUV w kolorze ciemnogranatowym. \u017badna z os\u00f3b jad\u0105cych audi nie odnios\u0142a obra\u017ce\u0144. Co ciekawe, pomimo sporych uszkodze\u0144 nie wystrzelily poduszki powietrzne.<\/p>\n<p>Na miejsce wezwano policj\u0119 oraz 3 wozy stra\u017cy po\u017carnej. <\/p>\n<p style=\"padding-left: 80px;\"><img loading=\"lazy\" decoding=\"async\" class=\"alignnone size-full wp-image-15941\" src=\"http:\/\/ostrowska.tv\/wp-content\/uploads\/2021\/07\/20210723_235834-01.jpeg\" alt=\"\" width=\"1366\" height=\"1025\" srcset=\"https:\/\/ostrowskatv.pl\/wp-content\/uploads\/2021\/07\/20210723_235834-01.jpeg 1366w, https:\/\/ostrowskatv.pl\/wp-content\/uploads\/2021\/07\/20210723_235834-01-300x225.jpeg 300w, https:\/\/ostrowskatv.pl\/wp-content\/uploads\/2021\/07\/20210723_235834-01-480x360.jpeg 480w\" sizes=\"auto, (max-width: 1366px) 100vw, 1366px\" \/> <\/p>\n<p><img loading=\"lazy\" decoding=\"async\" class=\"alignnone size-full wp-image-15942\" src=\"http:\/\/ostrowska.tv\/wp-content\/uploads\/2021\/07\/Audi01.jpeg\" alt=\"\" width=\"1024\" height=\"576\" srcset=\"https:\/\/ostrowskatv.pl\/wp-content\/uploads\/2021\/07\/Audi01.jpeg 1024w, https:\/\/ostrowskatv.pl\/wp-content\/uploads\/2021\/07\/Audi01-300x169.jpeg 300w, https:\/\/ostrowskatv.pl\/wp-content\/uploads\/2021\/07\/Audi01-640x360.jpeg 640w\" sizes=\"auto, (max-width: 1024px) 100vw, 1024px\" \/> <\/p>\n<p><img loading=\"lazy\" decoding=\"async\" class=\"alignnone size-full wp-image-15943\" src=\"http:\/\/ostrowska.tv\/wp-content\/uploads\/2021\/07\/Audi02.jpeg\" alt=\"\" width=\"1024\" height=\"576\" srcset=\"https:\/\/ostrowskatv.pl\/wp-content\/uploads\/2021\/07\/Audi02.jpeg 1024w, https:\/\/ostrowskatv.pl\/wp-content\/uploads\/2021\/07\/Audi02-300x169.jpeg 300w, https:\/\/ostrowskatv.pl\/wp-content\/uploads\/2021\/07\/Audi02-640x360.jpeg 640w\" sizes=\"auto, (max-width: 1024px) 100vw, 1024px\" \/> <\/p>\n<p><img loading=\"lazy\" decoding=\"async\" class=\"alignnone size-full wp-image-15944\" src=\"http:\/\/ostrowska.tv\/wp-content\/uploads\/2021\/07\/Audi04.jpeg\" alt=\"\" width=\"1024\" height=\"576\" srcset=\"https:\/\/ostrowskatv.pl\/wp-content\/uploads\/2021\/07\/Audi04.jpeg 1024w, https:\/\/ostrowskatv.pl\/wp-content\/uploads\/2021\/07\/Audi04-300x169.jpeg 300w, https:\/\/ostrowskatv.pl\/wp-content\/uploads\/2021\/07\/Audi04-640x360.jpeg 640w\" sizes=\"auto, (max-width: 1024px) 100vw, 1024px\" \/> <\/p>\n<p><img loading=\"lazy\" decoding=\"async\" class=\"alignnone size-full wp-image-15945\" src=\"http:\/\/ostrowska.tv\/wp-content\/uploads\/2021\/07\/Audi05.jpeg\" alt=\"\" width=\"1024\" height=\"576\" srcset=\"https:\/\/ostrowskatv.pl\/wp-content\/uploads\/2021\/07\/Audi05.jpeg 1024w, https:\/\/ostrowskatv.pl\/wp-content\/uploads\/2021\/07\/Audi05-300x169.jpeg 300w, https:\/\/ostrowskatv.pl\/wp-content\/uploads\/2021\/07\/Audi05-640x360.jpeg 640w\" sizes=\"auto, (max-width: 1024px) 100vw, 1024px\" \/> <\/p>\n<p><img loading=\"lazy\" decoding=\"async\" class=\"alignnone size-full wp-image-15946\" src=\"http:\/\/ostrowska.tv\/wp-content\/uploads\/2021\/07\/Audi06.jpeg\" alt=\"\" width=\"1024\" height=\"576\" srcset=\"https:\/\/ostrowskatv.pl\/wp-content\/uploads\/2021\/07\/Audi06.jpeg 1024w, https:\/\/ostrowskatv.pl\/wp-content\/uploads\/2021\/07\/Audi06-300x169.jpeg 300w, https:\/\/ostrowskatv.pl\/wp-content\/uploads\/2021\/07\/Audi06-640x360.jpeg 640w\" sizes=\"auto, (max-width: 1024px) 100vw, 1024px\" \/> <\/p>\n<p><img loading=\"lazy\" decoding=\"async\" class=\"alignnone size-full wp-image-15947\" src=\"http:\/\/ostrowska.tv\/wp-content\/uploads\/2021\/07\/20210723_235820-01.jpeg\" alt=\"\" width=\"1366\" height=\"816\" srcset=\"https:\/\/ostrowskatv.pl\/wp-content\/uploads\/2021\/07\/20210723_235820-01.jpeg 1366w, https:\/\/ostrowskatv.pl\/wp-content\/uploads\/2021\/07\/20210723_235820-01-300x179.jpeg 300w, https:\/\/ostrowskatv.pl\/wp-content\/uploads\/2021\/07\/20210723_235820-01-603x360.jpeg 603w\" sizes=\"auto, (max-width: 1366px) 100vw, 1366px\" \/> <\/p>\n<p><img loading=\"lazy\" decoding=\"async\" class=\"alignnone size-full wp-image-15948\" src=\"http:\/\/ostrowska.tv\/wp-content\/uploads\/2021\/07\/20210723_235849-01.jpeg\" alt=\"\" width=\"1366\" height=\"1025\" srcset=\"https:\/\/ostrowskatv.pl\/wp-content\/uploads\/2021\/07\/20210723_235849-01.jpeg 1366w, https:\/\/ostrowskatv.pl\/wp-content\/uploads\/2021\/07\/20210723_235849-01-300x225.jpeg 300w, https:\/\/ostrowskatv.pl\/wp-content\/uploads\/2021\/07\/20210723_235849-01-480x360.jpeg 480w\" sizes=\"auto, (max-width: 1366px) 100vw, 1366px\" \/><\/p>\n","protected":false},"excerpt":{"rendered":"Trzech m\u0142odych m\u0119\u017cczyzn postanowili przejecha\u0107 si\u0119 nocn\u0105 por\u0105. Po godzinie 23 jechali od strony Czekanowa w kierunku Ostrowa Wielkopolskiego. Na wysoko\u015bci wiaduktu z \n<a class=\"moretag\" href=\"https:\/\/ostrowskatv.pl\/?p=15940\"> [...]<\/a>","protected":false},"author":1,"featured_media":15944,"comment_status":"open","ping_status":"closed","sticky":false,"template":"","format":"standard","meta":{"footnotes":""},"categories":[1],"tags":[11],"class_list":["post-15940","post","type-post","status-publish","format-standard","has-post-thumbnail","hentry","category-news","tag-wypadek"],"_links":{"self":[{"href":"https:\/\/ostrowskatv.pl\/index.php?rest_route=\/wp\/v2\/posts\/15940","targetHints":{"allow":["GET"]}}],"collection":[{"href":"https:\/\/ostrowskatv.pl\/index.php?rest_route=\/wp\/v2\/posts"}],"about":[{"href":"https:\/\/ostrowskatv.pl\/index.php?rest_route=\/wp\/v2\/types\/post"}],"author":[{"embeddable":true,"href":"https:\/\/ostrowskatv.pl\/index.php?rest_route=\/wp\/v2\/users\/1"}],"replies":[{"embeddable":true,"href":"https:\/\/ostrowskatv.pl\/index.php?rest_route=%2Fwp%2Fv2%2Fcomments&post=15940"}],"version-history":[{"count":0,"href":"https:\/\/ostrowskatv.pl\/index.php?rest_route=\/wp\/v2\/posts\/15940\/revisions"}],"wp:featuredmedia":[{"embeddable":true,"href":"https:\/\/ostrowskatv.pl\/index.php?rest_route=\/wp\/v2\/media\/15944"}],"wp:attachment":[{"href":"https:\/\/ostrowskatv.pl\/index.php?rest_route=%2Fwp%2Fv2%2Fmedia&parent=15940"}],"wp:term":[{"taxonomy":"category","embeddable":true,"href":"https:\/\/ostrowskatv.pl\/index.php?rest_route=%2Fwp%2Fv2%2Fcategories&post=15940"},{"taxonomy":"post_tag","embeddable":true,"href":"https:\/\/ostrowskatv.pl\/index.php?rest_route=%2Fwp%2Fv2%2Ftags&post=15940"}],"curies":[{"name":"wp","href":"https:\/\/api.w.org\/{rel}","templated":true}]}}