{"id":15878,"date":"2021-07-15T06:48:40","date_gmt":"2021-07-15T05:48:40","guid":{"rendered":"http:\/\/ostrowska.tv\/?p=15878"},"modified":"2021-07-15T10:43:00","modified_gmt":"2021-07-15T09:43:00","slug":"male-dziecko-utopilo-sie","status":"publish","type":"post","link":"https:\/\/ostrowskatv.pl\/?p=15878","title":{"rendered":"Ma\u0142e dziecko utopi\u0142o si\u0119 (aktualizacja)"},"content":{"rendered":"<p><strong>Po godzinie 7 rano zauwa\u017cono cia\u0142o dziecka unosz\u0105ce si\u0119 w zbiorniku w Antoninie. Ze wst\u0119pnych informacji wynika, \u017ce mo\u017ce mie\u0107 mniej ni\u017c 5 lat. Po wyci\u0105gni\u0119ciu z wody przyst\u0105piono do reanimacji.\u00a0<\/strong><\/p>\n<p><img loading=\"lazy\" decoding=\"async\" src=\"http:\/\/ostrowska.tv\/wp-content\/uploads\/2021\/07\/20210715_102511-01.jpeg\" alt=\"\" width=\"1366\" height=\"1025\" class=\"alignnone size-full wp-image-15881\" srcset=\"https:\/\/ostrowskatv.pl\/wp-content\/uploads\/2021\/07\/20210715_102511-01.jpeg 1366w, https:\/\/ostrowskatv.pl\/wp-content\/uploads\/2021\/07\/20210715_102511-01-300x225.jpeg 300w, https:\/\/ostrowskatv.pl\/wp-content\/uploads\/2021\/07\/20210715_102511-01-480x360.jpeg 480w\" sizes=\"auto, (max-width: 1366px) 100vw, 1366px\" \/><\/p>\n<p><img loading=\"lazy\" decoding=\"async\" src=\"http:\/\/ostrowska.tv\/wp-content\/uploads\/2021\/07\/20210715_102519-01.jpeg\" alt=\"\" width=\"1366\" height=\"1025\" class=\"alignnone size-full wp-image-15882\" srcset=\"https:\/\/ostrowskatv.pl\/wp-content\/uploads\/2021\/07\/20210715_102519-01.jpeg 1366w, https:\/\/ostrowskatv.pl\/wp-content\/uploads\/2021\/07\/20210715_102519-01-300x225.jpeg 300w, https:\/\/ostrowskatv.pl\/wp-content\/uploads\/2021\/07\/20210715_102519-01-480x360.jpeg 480w\" sizes=\"auto, (max-width: 1366px) 100vw, 1366px\" \/><\/p>\n<p><img loading=\"lazy\" decoding=\"async\" src=\"http:\/\/ostrowska.tv\/wp-content\/uploads\/2021\/07\/20210715_102527-01.jpeg\" alt=\"\" width=\"1366\" height=\"1025\" class=\"alignnone size-full wp-image-15883\" srcset=\"https:\/\/ostrowskatv.pl\/wp-content\/uploads\/2021\/07\/20210715_102527-01.jpeg 1366w, https:\/\/ostrowskatv.pl\/wp-content\/uploads\/2021\/07\/20210715_102527-01-300x225.jpeg 300w, https:\/\/ostrowskatv.pl\/wp-content\/uploads\/2021\/07\/20210715_102527-01-480x360.jpeg 480w\" sizes=\"auto, (max-width: 1366px) 100vw, 1366px\" \/><\/p>\n<p><img loading=\"lazy\" decoding=\"async\" src=\"http:\/\/ostrowska.tv\/wp-content\/uploads\/2021\/07\/20210715_102531-01.jpeg\" alt=\"\" width=\"1366\" height=\"1025\" class=\"alignnone size-full wp-image-15884\" srcset=\"https:\/\/ostrowskatv.pl\/wp-content\/uploads\/2021\/07\/20210715_102531-01.jpeg 1366w, https:\/\/ostrowskatv.pl\/wp-content\/uploads\/2021\/07\/20210715_102531-01-300x225.jpeg 300w, https:\/\/ostrowskatv.pl\/wp-content\/uploads\/2021\/07\/20210715_102531-01-480x360.jpeg 480w\" sizes=\"auto, (max-width: 1366px) 100vw, 1366px\" \/><\/p>\n<p><img loading=\"lazy\" decoding=\"async\" src=\"http:\/\/ostrowska.tv\/wp-content\/uploads\/2021\/07\/20210715_102551-01.jpeg\" alt=\"\" width=\"1366\" height=\"1025\" class=\"alignnone size-full wp-image-15885\" srcset=\"https:\/\/ostrowskatv.pl\/wp-content\/uploads\/2021\/07\/20210715_102551-01.jpeg 1366w, https:\/\/ostrowskatv.pl\/wp-content\/uploads\/2021\/07\/20210715_102551-01-300x225.jpeg 300w, https:\/\/ostrowskatv.pl\/wp-content\/uploads\/2021\/07\/20210715_102551-01-480x360.jpeg 480w\" sizes=\"auto, (max-width: 1366px) 100vw, 1366px\" \/><\/p>\n","protected":false},"excerpt":{"rendered":"Po godzinie 7 rano zauwa\u017cono cia\u0142o dziecka unosz\u0105ce si\u0119 w zbiorniku w Antoninie. Ze wst\u0119pnych informacji wynika, \u017ce mo\u017ce mie\u0107 mniej ni\u017c 5 \n<a class=\"moretag\" href=\"https:\/\/ostrowskatv.pl\/?p=15878\"> [...]<\/a>","protected":false},"author":1,"featured_media":15879,"comment_status":"open","ping_status":"closed","sticky":false,"template":"","format":"standard","meta":{"footnotes":""},"categories":[1],"tags":[82],"class_list":["post-15878","post","type-post","status-publish","format-standard","has-post-thumbnail","hentry","category-news","tag-antonin"],"_links":{"self":[{"href":"https:\/\/ostrowskatv.pl\/index.php?rest_route=\/wp\/v2\/posts\/15878","targetHints":{"allow":["GET"]}}],"collection":[{"href":"https:\/\/ostrowskatv.pl\/index.php?rest_route=\/wp\/v2\/posts"}],"about":[{"href":"https:\/\/ostrowskatv.pl\/index.php?rest_route=\/wp\/v2\/types\/post"}],"author":[{"embeddable":true,"href":"https:\/\/ostrowskatv.pl\/index.php?rest_route=\/wp\/v2\/users\/1"}],"replies":[{"embeddable":true,"href":"https:\/\/ostrowskatv.pl\/index.php?rest_route=%2Fwp%2Fv2%2Fcomments&post=15878"}],"version-history":[{"count":0,"href":"https:\/\/ostrowskatv.pl\/index.php?rest_route=\/wp\/v2\/posts\/15878\/revisions"}],"wp:featuredmedia":[{"embeddable":true,"href":"https:\/\/ostrowskatv.pl\/index.php?rest_route=\/wp\/v2\/media\/15879"}],"wp:attachment":[{"href":"https:\/\/ostrowskatv.pl\/index.php?rest_route=%2Fwp%2Fv2%2Fmedia&parent=15878"}],"wp:term":[{"taxonomy":"category","embeddable":true,"href":"https:\/\/ostrowskatv.pl\/index.php?rest_route=%2Fwp%2Fv2%2Fcategories&post=15878"},{"taxonomy":"post_tag","embeddable":true,"href":"https:\/\/ostrowskatv.pl\/index.php?rest_route=%2Fwp%2Fv2%2Ftags&post=15878"}],"curies":[{"name":"wp","href":"https:\/\/api.w.org\/{rel}","templated":true}]}}