{"id":15867,"date":"2021-07-14T19:50:04","date_gmt":"2021-07-14T18:50:04","guid":{"rendered":"http:\/\/ostrowska.tv\/?p=15867"},"modified":"2021-07-14T22:20:45","modified_gmt":"2021-07-14T21:20:45","slug":"pozar-domu-podczas-burzy","status":"publish","type":"post","link":"https:\/\/ostrowskatv.pl\/?p=15867","title":{"rendered":"Po\u017car domu podczas burzy (aktualizacja)"},"content":{"rendered":"<p><strong>Najprawdopodobniej w wyniku uderzenia pioruna zapali\u0142o si\u0119 poddasze domu mieszkalnego w miejscowo\u015bci Strzy\u017cew Kolonia. Dom sko\u0144czony oko\u0142o 2-3 lat temu by\u0142 pokryty dachem ze strzechy.\u00a0<\/strong><\/p>\n<p>W\u0142a\u015bciciele mog\u0105 m\u00f3wi\u0107 o du\u017cym pechu, bowiem piorun uderzy\u0142 akurat w ich dom. Pocz\u0105tkowo z dachu wydobywa\u0142a si\u0119 nieznaczna ilo\u015b\u0107 dymu. Po p\u00f3\u0142torej godzinie, pomimo tytanicznej pracy stra\u017cak\u00f3w, na zewn\u0105trz wysz\u0142y p\u0142omienie. Akcj\u0119 ga\u015bnicz\u0105 utrudnia\u0142o du\u017ce zadymienie i konstrukcja dachu.<\/p>\n<p>Kiedy stra\u017cacy walczyli z po\u017carem, z wn\u0119trza domu ratowany by\u0142 dobytek. Wynoszono \u0142\u00f3\u017ceczko dzieci\u0119ce, pralk\u0119 i mn\u00f3stwo innych przedmiot\u00f3w.<\/p>\n<p>Kiedy trwa\u0142a walka z po\u017carem z nieba momentami pada\u0142 ulewny deszcz. Dooko\u0142a nast\u0119powa\u0142y spektakularne wy\u0142adowania atmosferyczne. Akcja potrwa kolejne godziny i dachu raczej nie uda si\u0119 uratowa\u0107.<\/p>\n<p><img loading=\"lazy\" decoding=\"async\" class=\"alignnone size-full wp-image-15872 alignleft\" src=\"http:\/\/ostrowska.tv\/wp-content\/uploads\/2021\/07\/20210714_210905-01.jpeg\" alt=\"\" width=\"1366\" height=\"736\" srcset=\"https:\/\/ostrowskatv.pl\/wp-content\/uploads\/2021\/07\/20210714_210905-01.jpeg 1366w, https:\/\/ostrowskatv.pl\/wp-content\/uploads\/2021\/07\/20210714_210905-01-300x162.jpeg 300w, https:\/\/ostrowskatv.pl\/wp-content\/uploads\/2021\/07\/20210714_210905-01-640x345.jpeg 640w\" sizes=\"auto, (max-width: 1366px) 100vw, 1366px\" \/><\/p>\n<p><img loading=\"lazy\" decoding=\"async\" class=\"alignnone size-full wp-image-15870\" src=\"http:\/\/ostrowska.tv\/wp-content\/uploads\/2021\/07\/20210714_204559-01.jpeg\" alt=\"\" width=\"1366\" height=\"1025\" srcset=\"https:\/\/ostrowskatv.pl\/wp-content\/uploads\/2021\/07\/20210714_204559-01.jpeg 1366w, https:\/\/ostrowskatv.pl\/wp-content\/uploads\/2021\/07\/20210714_204559-01-300x225.jpeg 300w, https:\/\/ostrowskatv.pl\/wp-content\/uploads\/2021\/07\/20210714_204559-01-480x360.jpeg 480w\" sizes=\"auto, (max-width: 1366px) 100vw, 1366px\" \/><\/p>\n<p><img loading=\"lazy\" decoding=\"async\" class=\"alignnone size-full wp-image-15875\" src=\"http:\/\/ostrowska.tv\/wp-content\/uploads\/2021\/07\/20210714_214708-01.jpeg\" alt=\"\" width=\"1365\" height=\"866\" srcset=\"https:\/\/ostrowskatv.pl\/wp-content\/uploads\/2021\/07\/20210714_214708-01.jpeg 1365w, https:\/\/ostrowskatv.pl\/wp-content\/uploads\/2021\/07\/20210714_214708-01-300x190.jpeg 300w, https:\/\/ostrowskatv.pl\/wp-content\/uploads\/2021\/07\/20210714_214708-01-567x360.jpeg 567w\" sizes=\"auto, (max-width: 1365px) 100vw, 1365px\" \/><\/p>\n","protected":false},"excerpt":{"rendered":"Najprawdopodobniej w wyniku uderzenia pioruna zapali\u0142o si\u0119 poddasze domu mieszkalnego w miejscowo\u015bci Strzy\u017cew Kolonia. Dom sko\u0144czony oko\u0142o 2-3 lat temu by\u0142 pokryty dachem \n<a class=\"moretag\" href=\"https:\/\/ostrowskatv.pl\/?p=15867\"> [...]<\/a>","protected":false},"author":1,"featured_media":15869,"comment_status":"open","ping_status":"closed","sticky":false,"template":"","format":"standard","meta":{"footnotes":""},"categories":[1],"tags":[7],"class_list":["post-15867","post","type-post","status-publish","format-standard","has-post-thumbnail","hentry","category-news","tag-pozar"],"_links":{"self":[{"href":"https:\/\/ostrowskatv.pl\/index.php?rest_route=\/wp\/v2\/posts\/15867","targetHints":{"allow":["GET"]}}],"collection":[{"href":"https:\/\/ostrowskatv.pl\/index.php?rest_route=\/wp\/v2\/posts"}],"about":[{"href":"https:\/\/ostrowskatv.pl\/index.php?rest_route=\/wp\/v2\/types\/post"}],"author":[{"embeddable":true,"href":"https:\/\/ostrowskatv.pl\/index.php?rest_route=\/wp\/v2\/users\/1"}],"replies":[{"embeddable":true,"href":"https:\/\/ostrowskatv.pl\/index.php?rest_route=%2Fwp%2Fv2%2Fcomments&post=15867"}],"version-history":[{"count":0,"href":"https:\/\/ostrowskatv.pl\/index.php?rest_route=\/wp\/v2\/posts\/15867\/revisions"}],"wp:featuredmedia":[{"embeddable":true,"href":"https:\/\/ostrowskatv.pl\/index.php?rest_route=\/wp\/v2\/media\/15869"}],"wp:attachment":[{"href":"https:\/\/ostrowskatv.pl\/index.php?rest_route=%2Fwp%2Fv2%2Fmedia&parent=15867"}],"wp:term":[{"taxonomy":"category","embeddable":true,"href":"https:\/\/ostrowskatv.pl\/index.php?rest_route=%2Fwp%2Fv2%2Fcategories&post=15867"},{"taxonomy":"post_tag","embeddable":true,"href":"https:\/\/ostrowskatv.pl\/index.php?rest_route=%2Fwp%2Fv2%2Ftags&post=15867"}],"curies":[{"name":"wp","href":"https:\/\/api.w.org\/{rel}","templated":true}]}}