{"id":15816,"date":"2021-07-10T15:12:29","date_gmt":"2021-07-10T14:12:29","guid":{"rendered":"http:\/\/ostrowska.tv\/?p=15816"},"modified":"2021-07-10T15:12:29","modified_gmt":"2021-07-10T14:12:29","slug":"konar-spadl-na-2-auta","status":"publish","type":"post","link":"https:\/\/ostrowskatv.pl\/?p=15816","title":{"rendered":"Konar spad\u0142 na 2 auta"},"content":{"rendered":"<p><strong>O godzinie 14 z\u0142ama\u0142 si\u0119 konar i spad\u0142 na 2 auta. Do zdarzenia dosz\u0142o przy ulicy Che\u0142mo\u0144skiego 4 w Ostrowie Wielkopolskim. Poza pojazdami nikt nie ucierpia\u0142. <\/strong><\/p>\n<p>Przed blokiem sta\u0142y zaparkowane samochody osobowe. Nagle, bez porywu wiatru, od\u0142ama\u0142 si\u0119 konar od stoj\u0105cej wierzby.<\/p>\n<p>Pierwotnie sytuacja wygl\u0105da\u0142a powa\u017cnie. Stra\u017cacy zabezpieczyli nad\u0142amany konar za pomoc\u0105 drabiny, kt\u00f3ra zapobiega\u0142a ca\u0142kowitemu odpadni\u0119ciu.<\/p>\n<p>Po odci\u0119ciu drobnych ko\u0144c\u00f3wek ga\u0142\u0119zi, kierowcy obu auta odjechali w bezpieczne miejsce. Wtedy stra\u017cacy przyst\u0105pili do usuwania grubej ga\u0142\u0119zi. Poci\u0119li j\u0105 na kawa\u0142ki i tym samym zneutralizowali zagro\u017cenie.<\/p>\n<p>Wst\u0119pne ogl\u0119dziny aut wykluczy\u0142y powa\u017cne uszkodzenia. Najwy\u017cej mog\u0142o doj\u015b\u0107 do nieznacznych rysek lub ma\u0142ych wgniotek.<\/p>\n<p><img loading=\"lazy\" decoding=\"async\" src=\"http:\/\/ostrowska.tv\/wp-content\/uploads\/2021\/07\/20210710_143823-01.jpeg\" alt=\"\" width=\"1025\" height=\"1366\" class=\"alignnone size-full wp-image-15817\" srcset=\"https:\/\/ostrowskatv.pl\/wp-content\/uploads\/2021\/07\/20210710_143823-01.jpeg 1025w, https:\/\/ostrowskatv.pl\/wp-content\/uploads\/2021\/07\/20210710_143823-01-225x300.jpeg 225w, https:\/\/ostrowskatv.pl\/wp-content\/uploads\/2021\/07\/20210710_143823-01-270x360.jpeg 270w\" sizes=\"auto, (max-width: 1025px) 100vw, 1025px\" \/><\/p>\n<p><img loading=\"lazy\" decoding=\"async\" src=\"http:\/\/ostrowska.tv\/wp-content\/uploads\/2021\/07\/20210710_143835-01.jpeg\" alt=\"\" width=\"1366\" height=\"986\" class=\"alignnone size-full wp-image-15818\" srcset=\"https:\/\/ostrowskatv.pl\/wp-content\/uploads\/2021\/07\/20210710_143835-01.jpeg 1366w, https:\/\/ostrowskatv.pl\/wp-content\/uploads\/2021\/07\/20210710_143835-01-300x217.jpeg 300w, https:\/\/ostrowskatv.pl\/wp-content\/uploads\/2021\/07\/20210710_143835-01-499x360.jpeg 499w\" sizes=\"auto, (max-width: 1366px) 100vw, 1366px\" \/><\/p>\n<p><img loading=\"lazy\" decoding=\"async\" src=\"http:\/\/ostrowska.tv\/wp-content\/uploads\/2021\/07\/20210710_143900-01.jpeg\" alt=\"\" width=\"1366\" height=\"1025\" class=\"alignnone size-full wp-image-15819\" srcset=\"https:\/\/ostrowskatv.pl\/wp-content\/uploads\/2021\/07\/20210710_143900-01.jpeg 1366w, https:\/\/ostrowskatv.pl\/wp-content\/uploads\/2021\/07\/20210710_143900-01-300x225.jpeg 300w, https:\/\/ostrowskatv.pl\/wp-content\/uploads\/2021\/07\/20210710_143900-01-480x360.jpeg 480w\" sizes=\"auto, (max-width: 1366px) 100vw, 1366px\" \/><\/p>\n<p><img loading=\"lazy\" decoding=\"async\" src=\"http:\/\/ostrowska.tv\/wp-content\/uploads\/2021\/07\/20210710_144310-01.jpeg\" alt=\"\" width=\"1366\" height=\"1025\" class=\"alignnone size-full wp-image-15820\" srcset=\"https:\/\/ostrowskatv.pl\/wp-content\/uploads\/2021\/07\/20210710_144310-01.jpeg 1366w, https:\/\/ostrowskatv.pl\/wp-content\/uploads\/2021\/07\/20210710_144310-01-300x225.jpeg 300w, https:\/\/ostrowskatv.pl\/wp-content\/uploads\/2021\/07\/20210710_144310-01-480x360.jpeg 480w\" sizes=\"auto, (max-width: 1366px) 100vw, 1366px\" \/><\/p>\n<p><img loading=\"lazy\" decoding=\"async\" src=\"http:\/\/ostrowska.tv\/wp-content\/uploads\/2021\/07\/20210710_144434-01.jpeg\" alt=\"\" width=\"1337\" height=\"1366\" class=\"alignnone size-full wp-image-15821\" srcset=\"https:\/\/ostrowskatv.pl\/wp-content\/uploads\/2021\/07\/20210710_144434-01.jpeg 1337w, https:\/\/ostrowskatv.pl\/wp-content\/uploads\/2021\/07\/20210710_144434-01-294x300.jpeg 294w, https:\/\/ostrowskatv.pl\/wp-content\/uploads\/2021\/07\/20210710_144434-01-352x360.jpeg 352w\" sizes=\"auto, (max-width: 1337px) 100vw, 1337px\" \/><\/p>\n<p><img loading=\"lazy\" decoding=\"async\" src=\"http:\/\/ostrowska.tv\/wp-content\/uploads\/2021\/07\/20210710_144507-02.jpeg\" alt=\"\" width=\"1366\" height=\"1025\" class=\"alignnone size-full wp-image-15822\" srcset=\"https:\/\/ostrowskatv.pl\/wp-content\/uploads\/2021\/07\/20210710_144507-02.jpeg 1366w, https:\/\/ostrowskatv.pl\/wp-content\/uploads\/2021\/07\/20210710_144507-02-300x225.jpeg 300w, https:\/\/ostrowskatv.pl\/wp-content\/uploads\/2021\/07\/20210710_144507-02-480x360.jpeg 480w\" sizes=\"auto, (max-width: 1366px) 100vw, 1366px\" \/><\/p>\n<p><img loading=\"lazy\" decoding=\"async\" src=\"http:\/\/ostrowska.tv\/wp-content\/uploads\/2021\/07\/20210710_145950-01.jpeg\" alt=\"\" width=\"1366\" height=\"1025\" class=\"alignnone size-full wp-image-15823\" srcset=\"https:\/\/ostrowskatv.pl\/wp-content\/uploads\/2021\/07\/20210710_145950-01.jpeg 1366w, https:\/\/ostrowskatv.pl\/wp-content\/uploads\/2021\/07\/20210710_145950-01-300x225.jpeg 300w, https:\/\/ostrowskatv.pl\/wp-content\/uploads\/2021\/07\/20210710_145950-01-480x360.jpeg 480w\" sizes=\"auto, (max-width: 1366px) 100vw, 1366px\" \/><\/p>\n<p><img loading=\"lazy\" decoding=\"async\" src=\"http:\/\/ostrowska.tv\/wp-content\/uploads\/2021\/07\/20210710_150214-01.jpeg\" alt=\"\" width=\"1366\" height=\"769\" class=\"alignnone size-full wp-image-15824\" srcset=\"https:\/\/ostrowskatv.pl\/wp-content\/uploads\/2021\/07\/20210710_150214-01.jpeg 1366w, https:\/\/ostrowskatv.pl\/wp-content\/uploads\/2021\/07\/20210710_150214-01-300x169.jpeg 300w, https:\/\/ostrowskatv.pl\/wp-content\/uploads\/2021\/07\/20210710_150214-01-640x360.jpeg 640w\" sizes=\"auto, (max-width: 1366px) 100vw, 1366px\" \/><\/p>\n<p><img loading=\"lazy\" decoding=\"async\" src=\"http:\/\/ostrowska.tv\/wp-content\/uploads\/2021\/07\/20210710_150246-01.jpeg\" alt=\"\" width=\"1366\" height=\"769\" class=\"alignnone size-full wp-image-15825\" srcset=\"https:\/\/ostrowskatv.pl\/wp-content\/uploads\/2021\/07\/20210710_150246-01.jpeg 1366w, https:\/\/ostrowskatv.pl\/wp-content\/uploads\/2021\/07\/20210710_150246-01-300x169.jpeg 300w, https:\/\/ostrowskatv.pl\/wp-content\/uploads\/2021\/07\/20210710_150246-01-640x360.jpeg 640w\" sizes=\"auto, (max-width: 1366px) 100vw, 1366px\" \/><\/p>\n<p><img loading=\"lazy\" decoding=\"async\" src=\"http:\/\/ostrowska.tv\/wp-content\/uploads\/2021\/07\/20210710_150449-01.jpeg\" alt=\"\" width=\"1366\" height=\"769\" class=\"alignnone size-full wp-image-15826\" srcset=\"https:\/\/ostrowskatv.pl\/wp-content\/uploads\/2021\/07\/20210710_150449-01.jpeg 1366w, https:\/\/ostrowskatv.pl\/wp-content\/uploads\/2021\/07\/20210710_150449-01-300x169.jpeg 300w, https:\/\/ostrowskatv.pl\/wp-content\/uploads\/2021\/07\/20210710_150449-01-640x360.jpeg 640w\" sizes=\"auto, (max-width: 1366px) 100vw, 1366px\" \/><\/p>\n","protected":false},"excerpt":{"rendered":"O godzinie 14 z\u0142ama\u0142 si\u0119 konar i spad\u0142 na 2 auta. Do zdarzenia dosz\u0142o przy ulicy Che\u0142mo\u0144skiego 4 w Ostrowie Wielkopolskim. Poza pojazdami \n<a class=\"moretag\" href=\"https:\/\/ostrowskatv.pl\/?p=15816\"> [...]<\/a>","protected":false},"author":1,"featured_media":15820,"comment_status":"open","ping_status":"closed","sticky":false,"template":"","format":"standard","meta":{"footnotes":""},"categories":[1],"tags":[2],"class_list":["post-15816","post","type-post","status-publish","format-standard","has-post-thumbnail","hentry","category-news","tag-ostrow-wielkopolski"],"_links":{"self":[{"href":"https:\/\/ostrowskatv.pl\/index.php?rest_route=\/wp\/v2\/posts\/15816","targetHints":{"allow":["GET"]}}],"collection":[{"href":"https:\/\/ostrowskatv.pl\/index.php?rest_route=\/wp\/v2\/posts"}],"about":[{"href":"https:\/\/ostrowskatv.pl\/index.php?rest_route=\/wp\/v2\/types\/post"}],"author":[{"embeddable":true,"href":"https:\/\/ostrowskatv.pl\/index.php?rest_route=\/wp\/v2\/users\/1"}],"replies":[{"embeddable":true,"href":"https:\/\/ostrowskatv.pl\/index.php?rest_route=%2Fwp%2Fv2%2Fcomments&post=15816"}],"version-history":[{"count":0,"href":"https:\/\/ostrowskatv.pl\/index.php?rest_route=\/wp\/v2\/posts\/15816\/revisions"}],"wp:featuredmedia":[{"embeddable":true,"href":"https:\/\/ostrowskatv.pl\/index.php?rest_route=\/wp\/v2\/media\/15820"}],"wp:attachment":[{"href":"https:\/\/ostrowskatv.pl\/index.php?rest_route=%2Fwp%2Fv2%2Fmedia&parent=15816"}],"wp:term":[{"taxonomy":"category","embeddable":true,"href":"https:\/\/ostrowskatv.pl\/index.php?rest_route=%2Fwp%2Fv2%2Fcategories&post=15816"},{"taxonomy":"post_tag","embeddable":true,"href":"https:\/\/ostrowskatv.pl\/index.php?rest_route=%2Fwp%2Fv2%2Ftags&post=15816"}],"curies":[{"name":"wp","href":"https:\/\/api.w.org\/{rel}","templated":true}]}}