{"id":15806,"date":"2021-07-09T12:20:20","date_gmt":"2021-07-09T11:20:20","guid":{"rendered":"http:\/\/ostrowska.tv\/?p=15806"},"modified":"2021-07-09T12:20:20","modified_gmt":"2021-07-09T11:20:20","slug":"kolizja-na-rondzie-bankowym-dostawczakiem-zajechal","status":"publish","type":"post","link":"https:\/\/ostrowskatv.pl\/?p=15806","title":{"rendered":"Kolizja na Rondzie Bankowym &#8211; dostawczakiem zajecha\u0142"},"content":{"rendered":"<p><strong>W czwartek dosz\u0142o do dw\u00f3ch kolizji na Rondzie Bankowym. Pierwsza mia\u0142a miejsce tu\u017c przed godzin\u0105 16. Obaj kierowcy jechali ulic\u0105 G\u0142ogowsk\u0105. Samoch\u00f3d dostawczy rozpoczyna\u0142 obje\u017cd\u017canie ronda. M\u0119\u017cczyzna nie zauwa\u017cy\u0142 oznakowania poziomego i spowodowa\u0142 kolizj\u0119 z osob\u00f3wk\u0105.<\/strong><\/p>\n<p><iframe loading=\"lazy\" title=\"Kolizja na Rondzie bankowym - dostawczak zajecha\u0142\" width=\"747\" height=\"420\" src=\"https:\/\/www.youtube.com\/embed\/p1XQi5czszU?feature=oembed\" frameborder=\"0\" allow=\"accelerometer; autoplay; clipboard-write; encrypted-media; gyroscope; picture-in-picture; web-share\" referrerpolicy=\"strict-origin-when-cross-origin\" allowfullscreen><\/iframe><\/p>\n","protected":false},"excerpt":{"rendered":"W czwartek dosz\u0142o do dw\u00f3ch kolizji na Rondzie Bankowym. Pierwsza mia\u0142a miejsce tu\u017c przed godzin\u0105 16. Obaj kierowcy jechali ulic\u0105 G\u0142ogowsk\u0105. Samoch\u00f3d dostawczy \n<a class=\"moretag\" href=\"https:\/\/ostrowskatv.pl\/?p=15806\"> [...]<\/a>","protected":false},"author":1,"featured_media":15807,"comment_status":"open","ping_status":"closed","sticky":false,"template":"","format":"standard","meta":{"footnotes":""},"categories":[1],"tags":[2],"class_list":["post-15806","post","type-post","status-publish","format-standard","has-post-thumbnail","hentry","category-news","tag-ostrow-wielkopolski"],"_links":{"self":[{"href":"https:\/\/ostrowskatv.pl\/index.php?rest_route=\/wp\/v2\/posts\/15806","targetHints":{"allow":["GET"]}}],"collection":[{"href":"https:\/\/ostrowskatv.pl\/index.php?rest_route=\/wp\/v2\/posts"}],"about":[{"href":"https:\/\/ostrowskatv.pl\/index.php?rest_route=\/wp\/v2\/types\/post"}],"author":[{"embeddable":true,"href":"https:\/\/ostrowskatv.pl\/index.php?rest_route=\/wp\/v2\/users\/1"}],"replies":[{"embeddable":true,"href":"https:\/\/ostrowskatv.pl\/index.php?rest_route=%2Fwp%2Fv2%2Fcomments&post=15806"}],"version-history":[{"count":0,"href":"https:\/\/ostrowskatv.pl\/index.php?rest_route=\/wp\/v2\/posts\/15806\/revisions"}],"wp:featuredmedia":[{"embeddable":true,"href":"https:\/\/ostrowskatv.pl\/index.php?rest_route=\/wp\/v2\/media\/15807"}],"wp:attachment":[{"href":"https:\/\/ostrowskatv.pl\/index.php?rest_route=%2Fwp%2Fv2%2Fmedia&parent=15806"}],"wp:term":[{"taxonomy":"category","embeddable":true,"href":"https:\/\/ostrowskatv.pl\/index.php?rest_route=%2Fwp%2Fv2%2Fcategories&post=15806"},{"taxonomy":"post_tag","embeddable":true,"href":"https:\/\/ostrowskatv.pl\/index.php?rest_route=%2Fwp%2Fv2%2Ftags&post=15806"}],"curies":[{"name":"wp","href":"https:\/\/api.w.org\/{rel}","templated":true}]}}