{"id":15764,"date":"2021-07-07T23:01:47","date_gmt":"2021-07-07T22:01:47","guid":{"rendered":"http:\/\/ostrowska.tv\/?p=15764"},"modified":"2021-07-07T23:01:47","modified_gmt":"2021-07-07T22:01:47","slug":"bmw-wjechal-w-peugeota-na-strzeleckiej-i-ledochowskiego","status":"publish","type":"post","link":"https:\/\/ostrowskatv.pl\/?p=15764","title":{"rendered":"BMW wjecha\u0142 w peugeota na Strzeleckiej i Led\u00f3chowskiego"},"content":{"rendered":"<p><strong>Na skrzy\u017cowaniu ulic Strzeleckiej i Led\u00f3chowskiego w Ostrowie Wielkopolskim zderzy\u0142y si\u0119 dwa auta osobowe. Na miejsce wys\u0142ano dwa radiowozy z drog\u00f3wki, dwa wozy stra\u017cy po\u017carnej oraz karetk\u0119 z lekarzem.<\/strong><\/p>\n<p>Na miejscu okaza\u0142o si\u0119, \u017ce obaj kierowcy opu\u015bcili pojazdy przed przybyciem s\u0142u\u017cb ratowniczych. Do zdarzenia przyczyni\u0142 si\u0119 kierowca BMW, kt\u00f3ry zignorowa\u0142 znak STOP i uderzy\u0142 w peugeota, kt\u00f3rym m\u0119\u017cczyzna jecha\u0142 do pracy.<\/p>\n<p>Poszkodowany uskar\u017ca\u0142 si\u0119 na b\u00f3l w klatce piersiowej i z tego powodu zosta\u0142 zabrany do szpitala. Bezpo\u015brednio po zdarzeniu by\u0142 oszo\u0142omiony i jeden ze \u015bwiadk\u00f3w zdarzenia pom\u00f3g\u0142 mu si\u0119 wydosta\u0107 z wn\u0119trza uszkodzonego auta. <\/p>\n<p>Stra\u017cacy zneutralizowali wyciek p\u0142yn\u00f3w eksploatacyjnych. Zderzenie mia\u0142o miejsce oko\u0142o godz. 22:30. O tej porze sygnalizacja \u015bwietlna jest wy\u0142\u0105czona.<\/p>\n<p><img loading=\"lazy\" decoding=\"async\" src=\"http:\/\/ostrowska.tv\/wp-content\/uploads\/2021\/07\/bmw_peugeot02.jpg\" alt=\"\" width=\"1560\" height=\"1040\" class=\"alignnone size-full wp-image-15766\" srcset=\"https:\/\/ostrowskatv.pl\/wp-content\/uploads\/2021\/07\/bmw_peugeot02.jpg 1560w, https:\/\/ostrowskatv.pl\/wp-content\/uploads\/2021\/07\/bmw_peugeot02-300x200.jpg 300w, https:\/\/ostrowskatv.pl\/wp-content\/uploads\/2021\/07\/bmw_peugeot02-540x360.jpg 540w, https:\/\/ostrowskatv.pl\/wp-content\/uploads\/2021\/07\/bmw_peugeot02-1536x1024.jpg 1536w\" sizes=\"auto, (max-width: 1560px) 100vw, 1560px\" \/><\/p>\n<p><img loading=\"lazy\" decoding=\"async\" src=\"http:\/\/ostrowska.tv\/wp-content\/uploads\/2021\/07\/bmw_peugeot03.jpg\" alt=\"\" width=\"1560\" height=\"907\" class=\"alignnone size-full wp-image-15767\" srcset=\"https:\/\/ostrowskatv.pl\/wp-content\/uploads\/2021\/07\/bmw_peugeot03.jpg 1560w, https:\/\/ostrowskatv.pl\/wp-content\/uploads\/2021\/07\/bmw_peugeot03-300x174.jpg 300w, https:\/\/ostrowskatv.pl\/wp-content\/uploads\/2021\/07\/bmw_peugeot03-619x360.jpg 619w, https:\/\/ostrowskatv.pl\/wp-content\/uploads\/2021\/07\/bmw_peugeot03-1536x893.jpg 1536w\" sizes=\"auto, (max-width: 1560px) 100vw, 1560px\" \/><\/p>\n","protected":false},"excerpt":{"rendered":"Na skrzy\u017cowaniu ulic Strzeleckiej i Led\u00f3chowskiego w Ostrowie Wielkopolskim zderzy\u0142y si\u0119 dwa auta osobowe. Na miejsce wys\u0142ano dwa radiowozy z drog\u00f3wki, dwa wozy \n<a class=\"moretag\" href=\"https:\/\/ostrowskatv.pl\/?p=15764\"> [...]<\/a>","protected":false},"author":1,"featured_media":15765,"comment_status":"open","ping_status":"closed","sticky":false,"template":"","format":"standard","meta":{"footnotes":""},"categories":[1],"tags":[2],"class_list":["post-15764","post","type-post","status-publish","format-standard","has-post-thumbnail","hentry","category-news","tag-ostrow-wielkopolski"],"_links":{"self":[{"href":"https:\/\/ostrowskatv.pl\/index.php?rest_route=\/wp\/v2\/posts\/15764","targetHints":{"allow":["GET"]}}],"collection":[{"href":"https:\/\/ostrowskatv.pl\/index.php?rest_route=\/wp\/v2\/posts"}],"about":[{"href":"https:\/\/ostrowskatv.pl\/index.php?rest_route=\/wp\/v2\/types\/post"}],"author":[{"embeddable":true,"href":"https:\/\/ostrowskatv.pl\/index.php?rest_route=\/wp\/v2\/users\/1"}],"replies":[{"embeddable":true,"href":"https:\/\/ostrowskatv.pl\/index.php?rest_route=%2Fwp%2Fv2%2Fcomments&post=15764"}],"version-history":[{"count":0,"href":"https:\/\/ostrowskatv.pl\/index.php?rest_route=\/wp\/v2\/posts\/15764\/revisions"}],"wp:featuredmedia":[{"embeddable":true,"href":"https:\/\/ostrowskatv.pl\/index.php?rest_route=\/wp\/v2\/media\/15765"}],"wp:attachment":[{"href":"https:\/\/ostrowskatv.pl\/index.php?rest_route=%2Fwp%2Fv2%2Fmedia&parent=15764"}],"wp:term":[{"taxonomy":"category","embeddable":true,"href":"https:\/\/ostrowskatv.pl\/index.php?rest_route=%2Fwp%2Fv2%2Fcategories&post=15764"},{"taxonomy":"post_tag","embeddable":true,"href":"https:\/\/ostrowskatv.pl\/index.php?rest_route=%2Fwp%2Fv2%2Ftags&post=15764"}],"curies":[{"name":"wp","href":"https:\/\/api.w.org\/{rel}","templated":true}]}}