{"id":157,"date":"2016-01-12T14:42:26","date_gmt":"2016-01-12T13:42:26","guid":{"rendered":"http:\/\/ostrowska.tv\/?p=157"},"modified":"2016-01-12T14:42:26","modified_gmt":"2016-01-12T13:42:26","slug":"wkrotce-konkrety-w-sprawie-hali","status":"publish","type":"post","link":"https:\/\/ostrowskatv.pl\/?p=157","title":{"rendered":"Wkr\u00f3tce konkrety w sprawie hali?"},"content":{"rendered":"<p><strong>W\u0142adze miasta analizuj\u0105 propozycj\u0119 sp\u00f3\u0142ki BM Slam, kt\u00f3ra zaproponowa\u0142a odkupienie wyremontowanej hali przy ulicy Kusoci\u0144skiego.<\/strong><\/p>\n<p>Przypomnijmy, \u017ce sp\u00f3\u0142ka BM Slam zaproponowa\u0142a w\u0142adzom miasta odkupienie hali za osiem milion\u00f3w z\u0142otych. Prezydent Beata Klimek deklarowa\u0142a pocz\u0105tkowo, \u017ce jej stanowisko w tej sprawie poznamy do ko\u0144ca 2015 roku. Tak si\u0119 jednak nie sta\u0142o. W Urz\u0119dzie Miasta przekonuj\u0105 nas jednak, \u017ce nie oznacza to wcale, \u017ce w temacie nic si\u0119 nie dzieje.<\/p>\n<p>&#8211; Propozycje sp\u00f3\u0142ki BM Slam Stal s\u0105 przez Miasto analizowane \u2013 t\u0142umaczy nam Artur Ko\u0142aci\u0144ski z Biura Prasowego UM w Ostrowie Wielkopolskim. &#8211; By uzyska\u0107 dodatkowe informacje w tej materii, na stycze\u0144 tego roku zaplanowano spotkanie w\u0142adz miasta z przedstawicielami sp\u00f3\u0142ki BM Slam Stal \u2013 dodaje Ko\u0142aci\u0144ski.<\/p>\n<p>Kibice koszyk\u00f3wki w naszym mie\u015bcie musz\u0105 zatem uzbroi\u0107 si\u0119 w jeszcze wi\u0119cej cierpliwo\u015bci. Propozycja sp\u00f3\u0142ki BM Slam to zreszt\u0105 trudny temat dla w\u0142adzy. Zdecydowany sprzeciw w sprawie odkupienia hali na naszych \u0142amach wyrazi\u0142 ju\u017c wcze\u015bniej Mariusz Leki z Klubu Radnych Platformy Obywatelskiej. Krytycznych g\u0142os\u00f3w jest jednak znacznie wi\u0119cej. Radni zarzucaj\u0105 w tej sprawie prezydent Beacie Klimek niekonsekwencj\u0119. Warto bowiem przypomnie\u0107, \u017ce miasto mia\u0142o okazj\u0119 odkupi\u0107 ju\u017c wcze\u015bniej hal\u0119 przy Kusoci\u0144skiego, ale uzna\u0142o, \u017ce b\u0119dzie lepiej odst\u0105pi\u0107 te tereny prywatnemu inwestorowi. Teraz temat wr\u00f3ci\u0142, ale w ocenie wielu radnych nie nale\u017cy go w og\u00f3le podejmowa\u0107.<\/p>\n","protected":false},"excerpt":{"rendered":"W\u0142adze miasta analizuj\u0105 propozycj\u0119 sp\u00f3\u0142ki BM Slam, kt\u00f3ra zaproponowa\u0142a odkupienie wyremontowanej hali przy ulicy Kusoci\u0144skiego. Przypomnijmy, \u017ce sp\u00f3\u0142ka BM Slam zaproponowa\u0142a w\u0142adzom miasta \n<a class=\"moretag\" href=\"https:\/\/ostrowskatv.pl\/?p=157\"> [...]<\/a>","protected":false},"author":1,"featured_media":158,"comment_status":"open","ping_status":"open","sticky":false,"template":"","format":"standard","meta":{"footnotes":""},"categories":[1],"tags":[23,2],"class_list":["post-157","post","type-post","status-publish","format-standard","has-post-thumbnail","hentry","category-news","tag-hala","tag-ostrow-wielkopolski"],"_links":{"self":[{"href":"https:\/\/ostrowskatv.pl\/index.php?rest_route=\/wp\/v2\/posts\/157","targetHints":{"allow":["GET"]}}],"collection":[{"href":"https:\/\/ostrowskatv.pl\/index.php?rest_route=\/wp\/v2\/posts"}],"about":[{"href":"https:\/\/ostrowskatv.pl\/index.php?rest_route=\/wp\/v2\/types\/post"}],"author":[{"embeddable":true,"href":"https:\/\/ostrowskatv.pl\/index.php?rest_route=\/wp\/v2\/users\/1"}],"replies":[{"embeddable":true,"href":"https:\/\/ostrowskatv.pl\/index.php?rest_route=%2Fwp%2Fv2%2Fcomments&post=157"}],"version-history":[{"count":0,"href":"https:\/\/ostrowskatv.pl\/index.php?rest_route=\/wp\/v2\/posts\/157\/revisions"}],"wp:featuredmedia":[{"embeddable":true,"href":"https:\/\/ostrowskatv.pl\/index.php?rest_route=\/wp\/v2\/media\/158"}],"wp:attachment":[{"href":"https:\/\/ostrowskatv.pl\/index.php?rest_route=%2Fwp%2Fv2%2Fmedia&parent=157"}],"wp:term":[{"taxonomy":"category","embeddable":true,"href":"https:\/\/ostrowskatv.pl\/index.php?rest_route=%2Fwp%2Fv2%2Fcategories&post=157"},{"taxonomy":"post_tag","embeddable":true,"href":"https:\/\/ostrowskatv.pl\/index.php?rest_route=%2Fwp%2Fv2%2Ftags&post=157"}],"curies":[{"name":"wp","href":"https:\/\/api.w.org\/{rel}","templated":true}]}}