{"id":15617,"date":"2021-06-23T16:28:21","date_gmt":"2021-06-23T15:28:21","guid":{"rendered":"http:\/\/ostrowska.tv\/?p=15617"},"modified":"2021-06-23T16:28:21","modified_gmt":"2021-06-23T15:28:21","slug":"mocny-wypadek-motocyklisty-na-zebcowskiej","status":"publish","type":"post","link":"https:\/\/ostrowskatv.pl\/?p=15617","title":{"rendered":"Mocny wypadek motocyklisty na Z\u0119bcowskiej"},"content":{"rendered":"<p><strong>Oko\u0142o 25-letni motocyklista dozna\u0142 niema\u0142ych obra\u017ce\u0144 po zderzeniu z Opel astr\u0105. Na miejsce wys\u0142ano policj\u0119, karetk\u0119 i stra\u017c po\u017carn\u0105<\/strong>. <\/p>\n<p>Ulic\u0105 Z\u0119bcowsk\u0105 w stron\u0119 centrum Ostrowa jecha\u0142 motocyklista na KTM ENDURO (125 CCM). Z przeciwka w ulic\u0119 Ku\u017anicz\u0105 skr\u0119ca\u0142a kobieta. Nie dostrzeg\u0142a motocyklisty. Ten uderzy\u0142 w bok jej auta. Po zderzeniu spad\u0142 mu jeden but. \u015awiadkowie m\u00f3wili, \u017ce ma problem z ruszaniem si\u0119. Osoby postronne po\u0142o\u017cy\u0142y poszkodowanego w pozycji bezpiecznej i pod\u0142o\u017cyli pod g\u0142ow\u0119 co\u015b mi\u0119kkiego. <\/p>\n<p><img loading=\"lazy\" decoding=\"async\" src=\"http:\/\/ostrowska.tv\/wp-content\/uploads\/2021\/06\/IMG_20210623_170813-01.jpeg\" alt=\"\" width=\"1366\" height=\"1025\" class=\"alignnone size-full wp-image-15618\" srcset=\"https:\/\/ostrowskatv.pl\/wp-content\/uploads\/2021\/06\/IMG_20210623_170813-01.jpeg 1366w, https:\/\/ostrowskatv.pl\/wp-content\/uploads\/2021\/06\/IMG_20210623_170813-01-300x225.jpeg 300w, https:\/\/ostrowskatv.pl\/wp-content\/uploads\/2021\/06\/IMG_20210623_170813-01-480x360.jpeg 480w\" sizes=\"auto, (max-width: 1366px) 100vw, 1366px\" \/><\/p>\n<p><img loading=\"lazy\" decoding=\"async\" src=\"http:\/\/ostrowska.tv\/wp-content\/uploads\/2021\/06\/IMG_20210623_170804-01.jpeg\" alt=\"\" width=\"1366\" height=\"882\" class=\"alignnone size-full wp-image-15619\" srcset=\"https:\/\/ostrowskatv.pl\/wp-content\/uploads\/2021\/06\/IMG_20210623_170804-01.jpeg 1366w, https:\/\/ostrowskatv.pl\/wp-content\/uploads\/2021\/06\/IMG_20210623_170804-01-300x194.jpeg 300w, https:\/\/ostrowskatv.pl\/wp-content\/uploads\/2021\/06\/IMG_20210623_170804-01-558x360.jpeg 558w\" sizes=\"auto, (max-width: 1366px) 100vw, 1366px\" \/><\/p>\n<p><img loading=\"lazy\" decoding=\"async\" src=\"http:\/\/ostrowska.tv\/wp-content\/uploads\/2021\/06\/IMG_20210623_171052-01.jpeg\" alt=\"\" width=\"1366\" height=\"1025\" class=\"alignnone size-full wp-image-15620\" srcset=\"https:\/\/ostrowskatv.pl\/wp-content\/uploads\/2021\/06\/IMG_20210623_171052-01.jpeg 1366w, https:\/\/ostrowskatv.pl\/wp-content\/uploads\/2021\/06\/IMG_20210623_171052-01-300x225.jpeg 300w, https:\/\/ostrowskatv.pl\/wp-content\/uploads\/2021\/06\/IMG_20210623_171052-01-480x360.jpeg 480w\" sizes=\"auto, (max-width: 1366px) 100vw, 1366px\" \/><\/p>\n<p><img loading=\"lazy\" decoding=\"async\" src=\"http:\/\/ostrowska.tv\/wp-content\/uploads\/2021\/06\/IMG_20210623_170650-01.jpeg\" alt=\"\" width=\"1025\" height=\"1366\" class=\"alignnone size-full wp-image-15621\" srcset=\"https:\/\/ostrowskatv.pl\/wp-content\/uploads\/2021\/06\/IMG_20210623_170650-01.jpeg 1025w, https:\/\/ostrowskatv.pl\/wp-content\/uploads\/2021\/06\/IMG_20210623_170650-01-225x300.jpeg 225w, https:\/\/ostrowskatv.pl\/wp-content\/uploads\/2021\/06\/IMG_20210623_170650-01-270x360.jpeg 270w\" sizes=\"auto, (max-width: 1025px) 100vw, 1025px\" \/><\/p>\n<p><img loading=\"lazy\" decoding=\"async\" src=\"http:\/\/ostrowska.tv\/wp-content\/uploads\/2021\/06\/IMG_20210623_170740-01.jpeg\" alt=\"\" width=\"1366\" height=\"1025\" class=\"alignnone size-full wp-image-15622\" srcset=\"https:\/\/ostrowskatv.pl\/wp-content\/uploads\/2021\/06\/IMG_20210623_170740-01.jpeg 1366w, https:\/\/ostrowskatv.pl\/wp-content\/uploads\/2021\/06\/IMG_20210623_170740-01-300x225.jpeg 300w, https:\/\/ostrowskatv.pl\/wp-content\/uploads\/2021\/06\/IMG_20210623_170740-01-480x360.jpeg 480w\" sizes=\"auto, (max-width: 1366px) 100vw, 1366px\" \/><\/p>\n<p><img loading=\"lazy\" decoding=\"async\" src=\"http:\/\/ostrowska.tv\/wp-content\/uploads\/2021\/06\/IMG_20210623_170752-01.jpeg\" alt=\"\" width=\"1366\" height=\"1025\" class=\"alignnone size-full wp-image-15623\" srcset=\"https:\/\/ostrowskatv.pl\/wp-content\/uploads\/2021\/06\/IMG_20210623_170752-01.jpeg 1366w, https:\/\/ostrowskatv.pl\/wp-content\/uploads\/2021\/06\/IMG_20210623_170752-01-300x225.jpeg 300w, https:\/\/ostrowskatv.pl\/wp-content\/uploads\/2021\/06\/IMG_20210623_170752-01-480x360.jpeg 480w\" sizes=\"auto, (max-width: 1366px) 100vw, 1366px\" \/><\/p>\n","protected":false},"excerpt":{"rendered":"Oko\u0142o 25-letni motocyklista dozna\u0142 niema\u0142ych obra\u017ce\u0144 po zderzeniu z Opel astr\u0105. Na miejsce wys\u0142ano policj\u0119, karetk\u0119 i stra\u017c po\u017carn\u0105. Ulic\u0105 Z\u0119bcowsk\u0105 w stron\u0119 \n<a class=\"moretag\" href=\"https:\/\/ostrowskatv.pl\/?p=15617\"> [...]<\/a>","protected":false},"author":1,"featured_media":15622,"comment_status":"open","ping_status":"closed","sticky":false,"template":"","format":"standard","meta":{"footnotes":""},"categories":[1],"tags":[2],"class_list":["post-15617","post","type-post","status-publish","format-standard","has-post-thumbnail","hentry","category-news","tag-ostrow-wielkopolski"],"_links":{"self":[{"href":"https:\/\/ostrowskatv.pl\/index.php?rest_route=\/wp\/v2\/posts\/15617","targetHints":{"allow":["GET"]}}],"collection":[{"href":"https:\/\/ostrowskatv.pl\/index.php?rest_route=\/wp\/v2\/posts"}],"about":[{"href":"https:\/\/ostrowskatv.pl\/index.php?rest_route=\/wp\/v2\/types\/post"}],"author":[{"embeddable":true,"href":"https:\/\/ostrowskatv.pl\/index.php?rest_route=\/wp\/v2\/users\/1"}],"replies":[{"embeddable":true,"href":"https:\/\/ostrowskatv.pl\/index.php?rest_route=%2Fwp%2Fv2%2Fcomments&post=15617"}],"version-history":[{"count":0,"href":"https:\/\/ostrowskatv.pl\/index.php?rest_route=\/wp\/v2\/posts\/15617\/revisions"}],"wp:featuredmedia":[{"embeddable":true,"href":"https:\/\/ostrowskatv.pl\/index.php?rest_route=\/wp\/v2\/media\/15622"}],"wp:attachment":[{"href":"https:\/\/ostrowskatv.pl\/index.php?rest_route=%2Fwp%2Fv2%2Fmedia&parent=15617"}],"wp:term":[{"taxonomy":"category","embeddable":true,"href":"https:\/\/ostrowskatv.pl\/index.php?rest_route=%2Fwp%2Fv2%2Fcategories&post=15617"},{"taxonomy":"post_tag","embeddable":true,"href":"https:\/\/ostrowskatv.pl\/index.php?rest_route=%2Fwp%2Fv2%2Ftags&post=15617"}],"curies":[{"name":"wp","href":"https:\/\/api.w.org\/{rel}","templated":true}]}}