{"id":15594,"date":"2021-06-21T14:55:05","date_gmt":"2021-06-21T13:55:05","guid":{"rendered":"http:\/\/ostrowska.tv\/?p=15594"},"modified":"2021-06-21T14:55:05","modified_gmt":"2021-06-21T13:55:05","slug":"mercedes-powiadomil-o-wypadku","status":"publish","type":"post","link":"https:\/\/ostrowskatv.pl\/?p=15594","title":{"rendered":"Mercedes powiadomi\u0142 o wypadku"},"content":{"rendered":"<p><strong>Coraz cz\u0119\u015bciej s\u0142u\u017cby ratunkowe s\u0105 informowane automatycznie przez samochody bior\u0105ce udzia\u0142 w powa\u017cniejszych zdarzeniach drogowych. Podobnie by\u0142o dzi\u015b po godzinie 14 na ulicy Krotoszy\u0144skiej w Ostrowie Wielkopolskim. <\/strong><\/p>\n<p>Auta jecha\u0142y ulic\u0105 Krotoszy\u0144sk\u0105 od strony ulicy Pozna\u0144skiej. Mercedes zatrzyma\u0142 si\u0119 i w jego ty\u0142 wjecha\u0142 samoch\u00f3d dostawczy. Na b\u00f3l uskar\u017ca\u0142a si\u0119 kieruj\u0105ca osob\u00f3wk\u0105. Nie odnios\u0142a jednak powa\u017cniejszych obra\u017ce\u0144.<\/p>\n<p>Ruch odbywa\u0142 si\u0119 wahad\u0142owo, co spowodowa\u0142o du\u017ce utrudnienia w ruchu od strony Alei S\u0142owackiego.<\/p>\n<p><img loading=\"lazy\" decoding=\"async\" src=\"http:\/\/ostrowska.tv\/wp-content\/uploads\/2021\/06\/IMG_20210621_150148-01.jpeg\" alt=\"\" width=\"1366\" height=\"1025\" class=\"alignnone size-full wp-image-15597\" srcset=\"https:\/\/ostrowskatv.pl\/wp-content\/uploads\/2021\/06\/IMG_20210621_150148-01.jpeg 1366w, https:\/\/ostrowskatv.pl\/wp-content\/uploads\/2021\/06\/IMG_20210621_150148-01-300x225.jpeg 300w, https:\/\/ostrowskatv.pl\/wp-content\/uploads\/2021\/06\/IMG_20210621_150148-01-480x360.jpeg 480w\" sizes=\"auto, (max-width: 1366px) 100vw, 1366px\" \/><\/p>\n<p><img loading=\"lazy\" decoding=\"async\" src=\"http:\/\/ostrowska.tv\/wp-content\/uploads\/2021\/06\/IMG_20210621_150538-01.jpeg\" alt=\"\" width=\"1366\" height=\"1025\" class=\"alignnone size-full wp-image-15596\" srcset=\"https:\/\/ostrowskatv.pl\/wp-content\/uploads\/2021\/06\/IMG_20210621_150538-01.jpeg 1366w, https:\/\/ostrowskatv.pl\/wp-content\/uploads\/2021\/06\/IMG_20210621_150538-01-300x225.jpeg 300w, https:\/\/ostrowskatv.pl\/wp-content\/uploads\/2021\/06\/IMG_20210621_150538-01-480x360.jpeg 480w\" sizes=\"auto, (max-width: 1366px) 100vw, 1366px\" \/>Oko\u0142o <\/p>\n","protected":false},"excerpt":{"rendered":"Coraz cz\u0119\u015bciej s\u0142u\u017cby ratunkowe s\u0105 informowane automatycznie przez samochody bior\u0105ce udzia\u0142 w powa\u017cniejszych zdarzeniach drogowych. Podobnie by\u0142o dzi\u015b po godzinie 14 na ulicy \n<a class=\"moretag\" href=\"https:\/\/ostrowskatv.pl\/?p=15594\"> [...]<\/a>","protected":false},"author":1,"featured_media":15595,"comment_status":"open","ping_status":"closed","sticky":false,"template":"","format":"standard","meta":{"footnotes":""},"categories":[1],"tags":[2],"class_list":["post-15594","post","type-post","status-publish","format-standard","has-post-thumbnail","hentry","category-news","tag-ostrow-wielkopolski"],"_links":{"self":[{"href":"https:\/\/ostrowskatv.pl\/index.php?rest_route=\/wp\/v2\/posts\/15594","targetHints":{"allow":["GET"]}}],"collection":[{"href":"https:\/\/ostrowskatv.pl\/index.php?rest_route=\/wp\/v2\/posts"}],"about":[{"href":"https:\/\/ostrowskatv.pl\/index.php?rest_route=\/wp\/v2\/types\/post"}],"author":[{"embeddable":true,"href":"https:\/\/ostrowskatv.pl\/index.php?rest_route=\/wp\/v2\/users\/1"}],"replies":[{"embeddable":true,"href":"https:\/\/ostrowskatv.pl\/index.php?rest_route=%2Fwp%2Fv2%2Fcomments&post=15594"}],"version-history":[{"count":0,"href":"https:\/\/ostrowskatv.pl\/index.php?rest_route=\/wp\/v2\/posts\/15594\/revisions"}],"wp:featuredmedia":[{"embeddable":true,"href":"https:\/\/ostrowskatv.pl\/index.php?rest_route=\/wp\/v2\/media\/15595"}],"wp:attachment":[{"href":"https:\/\/ostrowskatv.pl\/index.php?rest_route=%2Fwp%2Fv2%2Fmedia&parent=15594"}],"wp:term":[{"taxonomy":"category","embeddable":true,"href":"https:\/\/ostrowskatv.pl\/index.php?rest_route=%2Fwp%2Fv2%2Fcategories&post=15594"},{"taxonomy":"post_tag","embeddable":true,"href":"https:\/\/ostrowskatv.pl\/index.php?rest_route=%2Fwp%2Fv2%2Ftags&post=15594"}],"curies":[{"name":"wp","href":"https:\/\/api.w.org\/{rel}","templated":true}]}}