{"id":15522,"date":"2021-06-12T06:37:17","date_gmt":"2021-06-12T05:37:17","guid":{"rendered":"http:\/\/ostrowska.tv\/?p=15522"},"modified":"2021-06-12T06:37:17","modified_gmt":"2021-06-12T05:37:17","slug":"kolizja-na-rondzie-bankowym-mercedes-i-ford","status":"publish","type":"post","link":"https:\/\/ostrowskatv.pl\/?p=15522","title":{"rendered":"Kolizja na Rondzie Bankowym &#8211; Mercedes i Ford"},"content":{"rendered":"<p><strong>W pi\u0105tek po kilkudniowej przerwie dosz\u0142o do kolejnej kolizji. Tym razem kierowca Mercedesa jecha\u0142 wewn\u0119trznym pasem od strony ulicy Chopina w kierunku ulicy Wroc\u0142awskiej. Podczas zjazdu z ronda nie zauwa\u017cy\u0142 pasa rozdzielaj\u0105cego. Tym samym nie ust\u0105pi\u0142 pierwsze\u0144stwa Fordowi, kt\u00f3rego kierowca nawet zacz\u0105\u0142 hamowa\u0107, widz\u0105c nadchodz\u0105c\u0105 kolizj\u0119.<\/strong><\/p>\n<p><iframe loading=\"lazy\" title=\"Kolizja - Rondo  Bankowe 11.06.2021\" width=\"747\" height=\"420\" src=\"https:\/\/www.youtube.com\/embed\/nQLXWw_D8YQ?feature=oembed\" frameborder=\"0\" allow=\"accelerometer; autoplay; clipboard-write; encrypted-media; gyroscope; picture-in-picture; web-share\" referrerpolicy=\"strict-origin-when-cross-origin\" allowfullscreen><\/iframe><\/p>\n","protected":false},"excerpt":{"rendered":"W pi\u0105tek po kilkudniowej przerwie dosz\u0142o do kolejnej kolizji. Tym razem kierowca Mercedesa jecha\u0142 wewn\u0119trznym pasem od strony ulicy Chopina w kierunku ulicy \n<a class=\"moretag\" href=\"https:\/\/ostrowskatv.pl\/?p=15522\"> [...]<\/a>","protected":false},"author":1,"featured_media":15523,"comment_status":"open","ping_status":"closed","sticky":false,"template":"","format":"standard","meta":{"footnotes":""},"categories":[1],"tags":[2],"class_list":["post-15522","post","type-post","status-publish","format-standard","has-post-thumbnail","hentry","category-news","tag-ostrow-wielkopolski"],"_links":{"self":[{"href":"https:\/\/ostrowskatv.pl\/index.php?rest_route=\/wp\/v2\/posts\/15522","targetHints":{"allow":["GET"]}}],"collection":[{"href":"https:\/\/ostrowskatv.pl\/index.php?rest_route=\/wp\/v2\/posts"}],"about":[{"href":"https:\/\/ostrowskatv.pl\/index.php?rest_route=\/wp\/v2\/types\/post"}],"author":[{"embeddable":true,"href":"https:\/\/ostrowskatv.pl\/index.php?rest_route=\/wp\/v2\/users\/1"}],"replies":[{"embeddable":true,"href":"https:\/\/ostrowskatv.pl\/index.php?rest_route=%2Fwp%2Fv2%2Fcomments&post=15522"}],"version-history":[{"count":0,"href":"https:\/\/ostrowskatv.pl\/index.php?rest_route=\/wp\/v2\/posts\/15522\/revisions"}],"wp:featuredmedia":[{"embeddable":true,"href":"https:\/\/ostrowskatv.pl\/index.php?rest_route=\/wp\/v2\/media\/15523"}],"wp:attachment":[{"href":"https:\/\/ostrowskatv.pl\/index.php?rest_route=%2Fwp%2Fv2%2Fmedia&parent=15522"}],"wp:term":[{"taxonomy":"category","embeddable":true,"href":"https:\/\/ostrowskatv.pl\/index.php?rest_route=%2Fwp%2Fv2%2Fcategories&post=15522"},{"taxonomy":"post_tag","embeddable":true,"href":"https:\/\/ostrowskatv.pl\/index.php?rest_route=%2Fwp%2Fv2%2Ftags&post=15522"}],"curies":[{"name":"wp","href":"https:\/\/api.w.org\/{rel}","templated":true}]}}