{"id":155,"date":"2016-01-11T15:06:50","date_gmt":"2016-01-11T14:06:50","guid":{"rendered":"http:\/\/ostrowska.tv\/?p=155"},"modified":"2016-01-11T15:06:50","modified_gmt":"2016-01-11T14:06:50","slug":"zarobki-scisle-tajne-czego-boi-sie-beata-klimek","status":"publish","type":"post","link":"https:\/\/ostrowskatv.pl\/?p=155","title":{"rendered":"Zarobki \u015bci\u015ble tajne. Czego boi si\u0119 Beata Klimek?"},"content":{"rendered":"<p><strong>Beata Klimek chwali si\u0119 tym, \u017ce podobnie jak Robert Biedro\u0144 nale\u017cy do grona Prezydent\u00f3w Progresywnych. Postanowili\u015bmy zatem sprawdzi\u0107, czy kieruje si\u0119 podobnymi zasadami co prezydent S\u0142upska. Niestety, tym razem si\u0119 rozczarowali\u015bmy.<\/strong><\/p>\n<p>W ubieg\u0142ym roku <strong>Robert Biedro<\/strong><strong>\u0144<\/strong> zdecydowa\u0142 si\u0119 na ujawnienie zarobk\u00f3w wszystkich pracownik\u00f3w Urz\u0119du Miejskiego w S\u0142upsku. Swoj\u0105 decyzj\u0119 t\u0142umaczy\u0142 interesem mieszka\u0144c\u00f3w i ich prawem do takiej wiedzy w ramach dost\u0119pu do informacji publicznej. Wzbudzi\u0142a ona wiele kontrowersji, ale mia\u0142a bardzo wielu zwolennik\u00f3w. S\u0142upszczanie docenili, \u017ce wybrany przez nich cz\u0142owiek nie zamierza przed nimi niczego ukrywa\u0107.<\/p>\n<p>Biedro\u0144 zalicza si\u0119 na co dzie\u0144 do grona Prezydent\u00f3w Progresywnych. Tym samym chwali si\u0119 Beata Klimek. Postanowili\u015bmy zatem sprawdzi\u0107, czy wyznaje te same zasady co jej kolega ze S\u0142upska. W zwi\u0105zku z tym wyst\u0105pili\u015bmy do Urz\u0119du Miejskiego w Ostrowie Wielkopolskim z pro\u015bb\u0105 o udost\u0119pnienie zarobk\u00f3w wszystkich pracownik\u00f3w magistratu. Niestety, spotkali\u015bmy si\u0119 z odmow\u0105.<\/p>\n<p>&#8211; <em>Organ uzna<\/em><em>\u0142, i<\/em><em>\u017c <\/em><em>\u017c<\/em><em>\u0105dane przez wnioskodawc<\/em><em>\u0119 dane stanowi<\/em><em>\u0105 informacj<\/em><em>\u0119 publiczn<\/em><em>\u0105<strong> przetworzon<\/strong><\/em><strong><em>\u0105<\/em><\/strong> \u2013 odpowiedzia\u0142a nam <strong>Beata Klimek<\/strong>. &#8211; <em>Informacja publiczna przetworzona mo<\/em><em>\u017ce by<\/em><em>\u0107 udost<\/em><em>\u0119pniona tylko w takim zakresie, w jakim jest to szczeg<\/em><em>\u00f3lnie istotne dla interesu publicznego<\/em> \u2013 dodaje prezydent Ostrowa Wielkopolskiego.<\/p>\n<p><strong>Beata Klimek<\/strong> uzna\u0142a, \u017ce nie wykazali\u015bmy szczeg\u00f3lnie istotnego interesu publicznego i dlatego nasza pro\u015bba nie mo\u017ce zosta\u0107 spe\u0142niona. W dalszej cz\u0119\u015bci pisma pojawiaj\u0105 si\u0119 kolejne wym\u00f3wki. Na ko\u0144cu i tak wracamy do punktu wyj\u015bcia. Znowu pojawia si\u0119 magiczne has\u0142o, kt\u00f3rym jest &#8222;informacja przetworzona&#8221;. &#8211;<em> Informacja, o kt\u00f3r\u0105 prosi wnioskodawca, nie jest informacj\u0105 prost\u0105, wzgl\u0119dem kt\u00f3rej nie zachodzi potrzeba podejmowania jakichkolwiek z\u0142o\u017conych czynno\u015bci technicznych lub analitycznych, lecz jest informacj\u0105 przetworzon\u0105 z uwagi na zakres czynno\u015bci, jaki musia\u0142by podj\u0105\u0107 organ, aby udzieli\u0107 informacji wed\u0142ug \u017c\u0105da\u0144 wnioskodawcy<\/em> \u2013 czytamy w odpowiedzi od prezydent miasta. (poni\u017cej jego pe\u0142na tre\u015b\u0107).<\/p>\n<p>Prezydent pr\u00f3bowa\u0142a zas\u0142oni\u0107 si\u0119 r\u00f3wnie\u017c wyrokiem Naczelnego S\u0105du Administracyjnego, kt\u00f3ry mia\u0142 uzna\u0107, \u017ce udost\u0119pnianie informacji publicznej polega na ujawnieniu wysoko\u015bci wynagrodzenia wyp\u0142acanego na okre\u015blonym stanowisku, lecz bez wskazywania danych osobowych konkretnej osoby. <strong>No c\u00f3\u017c&#8230; w S\u0142upsku by\u0142o inaczej.<\/strong><\/p>\n<p>Jak si\u0119 jednak okazuje, co miasto to inne obyczaje. A mo\u017ce to po prostu kwestia odwagi? Prezydent S\u0142upska mia\u0142 jej wi\u0119cej. Nie m\u00f3wi\u0142 o informacjach przetworzonych, nie zas\u0142ania\u0142 si\u0119 Naczelnym S\u0105dem Administracyjnym. Wybra\u0142 pe\u0142n\u0105 jawno\u015b\u0107 dla s\u0142upszczan. I z ca\u0142\u0105 pewno\u015bci\u0105 w najbli\u017cszym czasie nikt nie zarzuci mu, \u017ce ma co\u015b do ukrycia lub boi si\u0119 prawdy. Nam pozostaje tylko wierzy\u0107, \u017ce ju\u017c wkr\u00f3tce takie same zasady zaczn\u0105 obowi\u0105zywa\u0107 w naszym mie\u015bcie. W ko\u0144cu bycie prezydentem progresywnym powinno do czego\u015b zobowi\u0105zywa\u0107.<\/p>\n","protected":false},"excerpt":{"rendered":"Beata Klimek chwali si\u0119 tym, \u017ce podobnie jak Robert Biedro\u0144 nale\u017cy do grona Prezydent\u00f3w Progresywnych. Postanowili\u015bmy zatem sprawdzi\u0107, czy kieruje si\u0119 podobnymi zasadami \n<a class=\"moretag\" href=\"https:\/\/ostrowskatv.pl\/?p=155\"> [...]<\/a>","protected":false},"author":1,"featured_media":76,"comment_status":"open","ping_status":"open","sticky":false,"template":"","format":"standard","meta":{"footnotes":""},"categories":[1],"tags":[2],"class_list":["post-155","post","type-post","status-publish","format-standard","has-post-thumbnail","hentry","category-news","tag-ostrow-wielkopolski"],"_links":{"self":[{"href":"https:\/\/ostrowskatv.pl\/index.php?rest_route=\/wp\/v2\/posts\/155","targetHints":{"allow":["GET"]}}],"collection":[{"href":"https:\/\/ostrowskatv.pl\/index.php?rest_route=\/wp\/v2\/posts"}],"about":[{"href":"https:\/\/ostrowskatv.pl\/index.php?rest_route=\/wp\/v2\/types\/post"}],"author":[{"embeddable":true,"href":"https:\/\/ostrowskatv.pl\/index.php?rest_route=\/wp\/v2\/users\/1"}],"replies":[{"embeddable":true,"href":"https:\/\/ostrowskatv.pl\/index.php?rest_route=%2Fwp%2Fv2%2Fcomments&post=155"}],"version-history":[{"count":0,"href":"https:\/\/ostrowskatv.pl\/index.php?rest_route=\/wp\/v2\/posts\/155\/revisions"}],"wp:featuredmedia":[{"embeddable":true,"href":"https:\/\/ostrowskatv.pl\/index.php?rest_route=\/wp\/v2\/media\/76"}],"wp:attachment":[{"href":"https:\/\/ostrowskatv.pl\/index.php?rest_route=%2Fwp%2Fv2%2Fmedia&parent=155"}],"wp:term":[{"taxonomy":"category","embeddable":true,"href":"https:\/\/ostrowskatv.pl\/index.php?rest_route=%2Fwp%2Fv2%2Fcategories&post=155"},{"taxonomy":"post_tag","embeddable":true,"href":"https:\/\/ostrowskatv.pl\/index.php?rest_route=%2Fwp%2Fv2%2Ftags&post=155"}],"curies":[{"name":"wp","href":"https:\/\/api.w.org\/{rel}","templated":true}]}}