{"id":1544,"date":"2016-06-03T16:04:09","date_gmt":"2016-06-03T15:04:09","guid":{"rendered":"http:\/\/ostrowska.tv\/?p=1544"},"modified":"2016-06-03T16:04:09","modified_gmt":"2016-06-03T15:04:09","slug":"szczegolny-przypadek-500-plus-mops-nie-wie-co-zrobic","status":"publish","type":"post","link":"https:\/\/ostrowskatv.pl\/?p=1544","title":{"rendered":"Szczeg\u00f3lny przypadek 500 plus. MOPS nie wie co zrobi\u0107"},"content":{"rendered":"<p><strong>Ze szczeg\u00f3lnym przypadkiem musz\u0105 zmierzy\u0107 si\u0119 przedstawiciele ostrowskiego MOPS-u. Wszystko dotyczy programu &#8222;Rodzina 500 plus&#8221;. Po \u015bwiadczenie zg\u0142osi\u0142o si\u0119 skonfliktowane ze sob\u0105 ma\u0142\u017ce\u0144stwo. Pieni\u0105dze mo\u017cna wyp\u0142aci\u0107 tylko jednemu z rodzic\u00f3w. Kto powinien je dosta\u0107?<\/strong><\/p>\n<p>Sytuacj\u0119 powinien regulowa\u0107 art. 22 ustawy o pomocy pa\u0144stwa w wychowywaniu dzieci. Przytaczamy jego tre\u015b\u0107: <em>&#8222;W przypadku zbiegu prawa rodzic\u00f3w, opiekun\u00f3w prawnych dziecka lub opiekun\u00f3w faktycznych dziecka do \u015bwiadczenia wychowawczego, \u015bwiadczenie to wyp\u0142aca si\u0119 temu z rodzic\u00f3w, opiekun\u00f3w prawnych dziecka lub opiekun\u00f3w faktycznych dziecka, kt\u00f3ry faktycznie sprawuje opiek\u0119 nad dzieckiem. Je\u017celi opieka nad dzieckiem sprawowana jest r\u00f3wnocze\u015bnie przez oboje rodzic\u00f3w, opiekun\u00f3w prawnych dziecka lub opiekun\u00f3w faktycznych dziecka, \u015bwiadczenie wychowawcze wyp\u0142aca si\u0119 temu, kto pierwszy z\u0142o\u017cy wniosek&#8221;.<\/em><\/p>\n<p>Sprawa jest z\u0142o\u017cona. M\u0119\u017cczyzna i kobieta opiekuj\u0105 si\u0119 dzie\u0107mi r\u00f3wnocze\u015bnie, w tym samym zakresie.<strong> Wniosek pierwszy z\u0142o\u017cy\u0142 ojciec. Zrobi\u0142 to drog\u0105 internetow\u0105. Matka pojawi\u0142a si\u0119 z kolei w MOPS-ie z samego rana i z\u0142o\u017cy\u0142a dokumenty osobi\u015bcie<\/strong>. Urz\u0119dnicy maj\u0105 jednak w\u0105tpliwo\u015bci, bo twierdz\u0105, \u017ce wy\u015bcig po 500 z\u0142 przewidziane ustaw\u0105 nie by\u0142 intencj\u0105 rz\u0105dz\u0105cych. Co wi\u0119cej, po \u015bwiadczenie cz\u0119sto zg\u0142aszaj\u0105 si\u0119 osoby w bardzo trudnej sytuacji materialnej. A nie wszyscy musz\u0105 mie\u0107 dost\u0119p do internetu. W tej sytuacji mamy do czynienia z brakiem r\u00f3wno\u015bci szans. W\u0105tpliwo\u015bci MOPS-u mo\u017cna zatem w pe\u0142ni zrozumie\u0107.<\/p>\n<p>W zwi\u0105zku z tym MOPS zwr\u00f3ci\u0142 si\u0119 z pro\u015bb\u0105 o wydanie opinii w tej sprawie do ministerstwa, z kt\u00f3rym na w\u0142asn\u0105 r\u0119k\u0119 skontaktowa\u0142 si\u0119 tak\u017ce m\u0119\u017cczyzna. Jak nas przekonywa\u0142, mia\u0142 us\u0142ysze\u0107, \u017ce ostrowscy urz\u0119dnicy \u0142ami\u0105 prawo, bo s\u0105 zobligowani do wydania decyzji i nie powinni zas\u0142ania\u0107 si\u0119 brakiem odpowiedzi od ministerstwa.<\/p>\n<p>MOPS informuje, \u017ce pytanie zosta\u0142o zadane ministerstwu 13 maja. Odpowied\u017a mo\u017ce nadej\u015b\u0107 zatem nawet 13 czerwca. Decyzja o tym, kto ostatecznie dostanie pieni\u0105dze, zostanie wydana najp\u00f3\u017aniej 1 lipca. Jaki powinien by\u0107 w tym przypadku werdykt? <strong>Zach<\/strong><strong>\u0119camy do dyskusji w komentarzach<\/strong>.<\/p>\n","protected":false},"excerpt":{"rendered":"Ze szczeg\u00f3lnym przypadkiem musz\u0105 zmierzy\u0107 si\u0119 przedstawiciele ostrowskiego MOPS-u. Wszystko dotyczy programu &#8222;Rodzina 500 plus&#8221;. Po \u015bwiadczenie zg\u0142osi\u0142o si\u0119 skonfliktowane ze sob\u0105 ma\u0142\u017ce\u0144stwo. \n<a class=\"moretag\" href=\"https:\/\/ostrowskatv.pl\/?p=1544\"> [...]<\/a>","protected":false},"author":1,"featured_media":626,"comment_status":"open","ping_status":"open","sticky":false,"template":"","format":"standard","meta":{"footnotes":""},"categories":[1],"tags":[2],"class_list":["post-1544","post","type-post","status-publish","format-standard","has-post-thumbnail","hentry","category-news","tag-ostrow-wielkopolski"],"_links":{"self":[{"href":"https:\/\/ostrowskatv.pl\/index.php?rest_route=\/wp\/v2\/posts\/1544","targetHints":{"allow":["GET"]}}],"collection":[{"href":"https:\/\/ostrowskatv.pl\/index.php?rest_route=\/wp\/v2\/posts"}],"about":[{"href":"https:\/\/ostrowskatv.pl\/index.php?rest_route=\/wp\/v2\/types\/post"}],"author":[{"embeddable":true,"href":"https:\/\/ostrowskatv.pl\/index.php?rest_route=\/wp\/v2\/users\/1"}],"replies":[{"embeddable":true,"href":"https:\/\/ostrowskatv.pl\/index.php?rest_route=%2Fwp%2Fv2%2Fcomments&post=1544"}],"version-history":[{"count":0,"href":"https:\/\/ostrowskatv.pl\/index.php?rest_route=\/wp\/v2\/posts\/1544\/revisions"}],"wp:featuredmedia":[{"embeddable":true,"href":"https:\/\/ostrowskatv.pl\/index.php?rest_route=\/wp\/v2\/media\/626"}],"wp:attachment":[{"href":"https:\/\/ostrowskatv.pl\/index.php?rest_route=%2Fwp%2Fv2%2Fmedia&parent=1544"}],"wp:term":[{"taxonomy":"category","embeddable":true,"href":"https:\/\/ostrowskatv.pl\/index.php?rest_route=%2Fwp%2Fv2%2Fcategories&post=1544"},{"taxonomy":"post_tag","embeddable":true,"href":"https:\/\/ostrowskatv.pl\/index.php?rest_route=%2Fwp%2Fv2%2Ftags&post=1544"}],"curies":[{"name":"wp","href":"https:\/\/api.w.org\/{rel}","templated":true}]}}