{"id":1533,"date":"2016-06-02T15:59:45","date_gmt":"2016-06-02T14:59:45","guid":{"rendered":"http:\/\/ostrowska.tv\/?p=1533"},"modified":"2016-06-02T15:59:45","modified_gmt":"2016-06-02T14:59:45","slug":"duze-zwolnienia-w-ii-lo-nikt-nie-zaprzecza","status":"publish","type":"post","link":"https:\/\/ostrowskatv.pl\/?p=1533","title":{"rendered":"Du\u017ce zwolnienia w II LO? Nikt nie zaprzecza"},"content":{"rendered":"<p><strong>Do naszej redakcji trafi\u0142 kolejny anonim dotycz\u0105cy sytuacji w II Liceum Og\u00f3lnokszta\u0142c\u0105cym. Tym razem dotyczy on zwolnie\u0144 nauczycieli, do kt\u00f3rych mia\u0142o doj\u015b\u0107 na du\u017c\u0105 skal\u0119 w ostatnim czasie. Co w tej sprawie ma do powiedzenia dyrektor i Starostwo Powiatowe w Ostrowie Wielkopolskim? Niewiele.<\/strong><\/p>\n<p>&#8211; Dyrektor II LO w akcji. Da\u0142 kolejne wypowiedzenia nauczycielom. Nie wiem dok\u0142adnie, ale chyba o\u015bmiu osobom i to nauczycielom, kt\u00f3rzy pracuj\u0105 mo\u017ce od pocz\u0105tku jak powsta\u0142o te liceum. Szkoda tych dzieci, kt\u00f3re s\u0105 albo przyjd\u0105 do tego liceum. Pan dyrektor doprowadzi do upadku dobre liceum. Jedna z pa\u0144 zosta\u0142a bez pracy, a ma na utrzymaniu tr\u00f3jk\u0119 albo czw\u00f3rk\u0119 dzieci &#8211; czytamy w anonimie.<\/p>\n<p>Nie wiedzieli\u015bmy, czy informacje zawarte w anonimie s\u0105 prawdziwe, wi\u0119c postanowili\u015bmy zweryfikowa\u0107 je u \u017ar\u00f3d\u0142a. Udali\u015bmy si\u0119 zatem do sekretariatu II Liceum Og\u00f3lnokszta\u0142c\u0105cego. &#8211; Pan dyrektor nie ma i nie b\u0119dzie mie\u0107 dla was czasu &#8211; us\u0142yszeli\u015bmy od jednej z pa\u0144, kt\u00f3ra zapyta\u0142a Karola Marsza\u0142a o mo\u017cliwy termin spotkania.<\/p>\n<p>Informacji szukali\u015bmy zatem w Starostwie Powiatowym. Pytania w tej sprawie z\u0142o\u017cyli\u015bmy na r\u0119ce Janusza Grzesiaka. Odpowied\u017a otrzymali\u015bmy, ale tak naprawd\u0119 nie wnosi ona nic do tematu. &#8211; Ze wzgl\u0119du na trwaj\u0105cy nab\u00f3r do szk\u00f3\u0142, na pytania dyrektor K. Marsza\u0142 udzieli odpowiedzi w terminie p\u00f3\u017aniejszym. Mog\u0119 domniemywa\u0107, \u017ce ruch kadrowy, o kt\u00f3rym pan wspomina\u0142 wi\u0105\u017ce si\u0119 z dostosowaniem zasob\u00f3w kadrowych (ilo\u015bci godzin) do liczby uczni\u00f3w ucz\u0119szczaj\u0105cych do naszej szko\u0142y. Dzi\u015b najwa\u017cniejsze jest budowanie dobrego klimatu wok\u00f3\u0142 plac\u00f3wki, od poziomu nauczania po inne obszary, bo finalnym efektem finalny tych dzia\u0142a\u0144 jest w\u0142a\u015bnie ilo\u015b\u0107 uczni\u00f3w, a co za tym idzie godzin, kt\u00f3re mo\u017cna zaoferowa\u0107 nauczycielom &#8211; czytamy w odpowiedzi Starostwa Powiatowego. Dodamy, \u017ce prezentujemy oryginaln\u0105 pisowni\u0119 (\u0142\u0105cznie z b\u0142\u0119dnym zastosowaniem s\u0142owa ilo\u015b\u0107).<\/p>\n<p>Preczyjnej odpowiedzi zatem nie ma, aczkolwiek stanowisko Starostwa Powiatowego wskazuje, \u017ce co\u015b jest na rzeczy. Nikt nie zaprzecza, \u017ce do zwolnie\u0144 dosz\u0142o. Mieszka\u0144cy nie dowiedz\u0105 si\u0119 jednak dlaczego, a takie informacje s\u0105 kluczowe, zw\u0142aszcza w okresie trwaj\u0105cego naboru do szk\u00f3\u0142. Rodzice i m\u0142odzie\u017c powinni mie\u0107 pe\u0142n\u0105 wiedz\u0119 o danej plac\u00f3wce, kt\u00f3rej wyb\u00f3r jest niezwykle istotny w kontek\u015bcie dalszego rozwoju.<\/p>\n<p>Na koniec odrobina statystyk. Warto klikn\u0105\u0107 w link &#8211;&gt; https:\/\/nabor.pcss.pl\/ostrow\/szkolaponadgimnazjalna\/nabor\/?service=page%2FeduHighInfo%3AUnitPopularity<\/p>\n<p>Jak wygl\u0105da aktualnie nab\u00f3r do ostrowskich lice\u00f3w? R\u00f3\u017cnie, ale w II LO zdecydowanie najs\u0142abiej. Niestety, nie dowiemy si\u0119 dlaczego, bo dyrektor i Starostwo Powiatowe w Ostrowie Wielkopolskim wol\u0105 schowa\u0107 g\u0142ow\u0119 w piasek i uzna\u0107, \u017ce problem rozwi\u0105\u017ce si\u0119 sam. \u017byczymy powodzenia.<\/p>\n","protected":false},"excerpt":{"rendered":"Do naszej redakcji trafi\u0142 kolejny anonim dotycz\u0105cy sytuacji w II Liceum Og\u00f3lnokszta\u0142c\u0105cym. Tym razem dotyczy on zwolnie\u0144 nauczycieli, do kt\u00f3rych mia\u0142o doj\u015b\u0107 na \n<a class=\"moretag\" href=\"https:\/\/ostrowskatv.pl\/?p=1533\"> [...]<\/a>","protected":false},"author":1,"featured_media":1534,"comment_status":"open","ping_status":"open","sticky":false,"template":"","format":"standard","meta":{"footnotes":""},"categories":[1],"tags":[2],"class_list":["post-1533","post","type-post","status-publish","format-standard","has-post-thumbnail","hentry","category-news","tag-ostrow-wielkopolski"],"_links":{"self":[{"href":"https:\/\/ostrowskatv.pl\/index.php?rest_route=\/wp\/v2\/posts\/1533","targetHints":{"allow":["GET"]}}],"collection":[{"href":"https:\/\/ostrowskatv.pl\/index.php?rest_route=\/wp\/v2\/posts"}],"about":[{"href":"https:\/\/ostrowskatv.pl\/index.php?rest_route=\/wp\/v2\/types\/post"}],"author":[{"embeddable":true,"href":"https:\/\/ostrowskatv.pl\/index.php?rest_route=\/wp\/v2\/users\/1"}],"replies":[{"embeddable":true,"href":"https:\/\/ostrowskatv.pl\/index.php?rest_route=%2Fwp%2Fv2%2Fcomments&post=1533"}],"version-history":[{"count":0,"href":"https:\/\/ostrowskatv.pl\/index.php?rest_route=\/wp\/v2\/posts\/1533\/revisions"}],"wp:featuredmedia":[{"embeddable":true,"href":"https:\/\/ostrowskatv.pl\/index.php?rest_route=\/wp\/v2\/media\/1534"}],"wp:attachment":[{"href":"https:\/\/ostrowskatv.pl\/index.php?rest_route=%2Fwp%2Fv2%2Fmedia&parent=1533"}],"wp:term":[{"taxonomy":"category","embeddable":true,"href":"https:\/\/ostrowskatv.pl\/index.php?rest_route=%2Fwp%2Fv2%2Fcategories&post=1533"},{"taxonomy":"post_tag","embeddable":true,"href":"https:\/\/ostrowskatv.pl\/index.php?rest_route=%2Fwp%2Fv2%2Ftags&post=1533"}],"curies":[{"name":"wp","href":"https:\/\/api.w.org\/{rel}","templated":true}]}}