{"id":15256,"date":"2021-06-01T23:47:32","date_gmt":"2021-06-01T22:47:32","guid":{"rendered":"http:\/\/ostrowska.tv\/?p=15256"},"modified":"2021-06-01T23:47:42","modified_gmt":"2021-06-01T22:47:42","slug":"policjant-zostal-poparzony-podczas-ratowania-dobytku","status":"publish","type":"post","link":"https:\/\/ostrowskatv.pl\/?p=15256","title":{"rendered":"Policjant zosta\u0142 poparzony podczas ratowania dobytku"},"content":{"rendered":"<p><strong>We wtorek o godz. 20.30 do stra\u017cy po\u017carnej w Ostrzeszowie wp\u0142yn\u0119\u0142o zg\u0142oszenie o po\u017carze stodo\u0142y w miejscowo\u015bci Kraszewice przy ulicy Kaliskiej. Po doje\u017adzie na miejsce okaza\u0142o si\u0119, \u017ce ogniem jest ca\u0142kowicie obj\u0119ta stodo\u0142a. Budynek o rozmiarach 10&#215;25 metr\u00f3w sp\u0142on\u0105\u0142 doszcz\u0119tnie.<\/strong><\/p>\n<p>W pierwszej fazie akcji stra\u017cacy bronili s\u0105siednie budynki. Na miejsce zdarzenia zadysponowano 10 zast\u0119p\u00f3w stra\u017cy po\u017carnej w sile 36 stra\u017cak\u00f3w.\u00a0 Spaleniu uleg\u0142y maszyny rolnicze o znacznej warto\u015bci. By\u0142y to kombajn oraz m. in. prasa. Zniszczeniu uleg\u0142a tak\u017ce znaczna cz\u0119\u015b\u0107 s\u0142omy.<\/p>\n<p>Warto doda\u0107, \u017ce po\u017car zauwa\u017cyli funkcjonariusze policji, kt\u00f3rzy patrolowali okolice. Natychmiast przyst\u0105pili do ratowania mienia w postaci zwierz\u0105t, kt\u00f3re by\u0142y w zagrodzie oraz maszyn rolniczych, kt\u00f3rymi wyjechali na pobliskie pole. By\u0142y to maszyny o znacznej warto\u015bci. Jeden z policjant\u00f3w poparzy\u0142 sobie r\u0119ce na odcinku przedramion. Jest to funkcjonariusz pochodz\u0105cy z Ostrowa Wielkopolskiego, ale zatrudniony w ostrzeszowskiej komendzie policji.<\/p>\n<p><img loading=\"lazy\" decoding=\"async\" class=\"alignnone size-full wp-image-15255\" src=\"http:\/\/ostrowska.tv\/wp-content\/uploads\/2021\/06\/policjant_poparzony02.jpg\" alt=\"\" width=\"1280\" height=\"720\" srcset=\"https:\/\/ostrowskatv.pl\/wp-content\/uploads\/2021\/06\/policjant_poparzony02.jpg 1280w, https:\/\/ostrowskatv.pl\/wp-content\/uploads\/2021\/06\/policjant_poparzony02-300x169.jpg 300w, https:\/\/ostrowskatv.pl\/wp-content\/uploads\/2021\/06\/policjant_poparzony02-640x360.jpg 640w\" sizes=\"auto, (max-width: 1280px) 100vw, 1280px\" \/><\/p>\n<p><img loading=\"lazy\" decoding=\"async\" class=\"alignnone size-full wp-image-15254\" src=\"http:\/\/ostrowska.tv\/wp-content\/uploads\/2021\/06\/policjant_poparzony01.jpg\" alt=\"\" width=\"1280\" height=\"720\" srcset=\"https:\/\/ostrowskatv.pl\/wp-content\/uploads\/2021\/06\/policjant_poparzony01.jpg 1280w, https:\/\/ostrowskatv.pl\/wp-content\/uploads\/2021\/06\/policjant_poparzony01-300x169.jpg 300w, https:\/\/ostrowskatv.pl\/wp-content\/uploads\/2021\/06\/policjant_poparzony01-640x360.jpg 640w\" sizes=\"auto, (max-width: 1280px) 100vw, 1280px\" \/><\/p>\n<p><img loading=\"lazy\" decoding=\"async\" class=\"alignnone size-full wp-image-15253\" src=\"http:\/\/ostrowska.tv\/wp-content\/uploads\/2021\/06\/IMG_20210601_225033-01.jpeg\" alt=\"\" width=\"1366\" height=\"806\" srcset=\"https:\/\/ostrowskatv.pl\/wp-content\/uploads\/2021\/06\/IMG_20210601_225033-01.jpeg 1366w, https:\/\/ostrowskatv.pl\/wp-content\/uploads\/2021\/06\/IMG_20210601_225033-01-300x177.jpeg 300w, https:\/\/ostrowskatv.pl\/wp-content\/uploads\/2021\/06\/IMG_20210601_225033-01-610x360.jpeg 610w\" sizes=\"auto, (max-width: 1366px) 100vw, 1366px\" \/><\/p>\n<p><img loading=\"lazy\" decoding=\"async\" class=\"alignnone size-full wp-image-15252\" src=\"http:\/\/ostrowska.tv\/wp-content\/uploads\/2021\/06\/IMG_20210601_225559-01.jpeg\" alt=\"\" width=\"1366\" height=\"839\" srcset=\"https:\/\/ostrowskatv.pl\/wp-content\/uploads\/2021\/06\/IMG_20210601_225559-01.jpeg 1366w, https:\/\/ostrowskatv.pl\/wp-content\/uploads\/2021\/06\/IMG_20210601_225559-01-300x184.jpeg 300w, https:\/\/ostrowskatv.pl\/wp-content\/uploads\/2021\/06\/IMG_20210601_225559-01-586x360.jpeg 586w\" sizes=\"auto, (max-width: 1366px) 100vw, 1366px\" \/><\/p>\n<p><img loading=\"lazy\" decoding=\"async\" class=\"alignnone size-full wp-image-15251\" src=\"http:\/\/ostrowska.tv\/wp-content\/uploads\/2021\/06\/IMG_20210601_225615-01.jpeg\" alt=\"\" width=\"1366\" height=\"1025\" srcset=\"https:\/\/ostrowskatv.pl\/wp-content\/uploads\/2021\/06\/IMG_20210601_225615-01.jpeg 1366w, https:\/\/ostrowskatv.pl\/wp-content\/uploads\/2021\/06\/IMG_20210601_225615-01-300x225.jpeg 300w, https:\/\/ostrowskatv.pl\/wp-content\/uploads\/2021\/06\/IMG_20210601_225615-01-480x360.jpeg 480w\" sizes=\"auto, (max-width: 1366px) 100vw, 1366px\" \/><\/p>\n","protected":false},"excerpt":{"rendered":"We wtorek o godz. 20.30 do stra\u017cy po\u017carnej w Ostrzeszowie wp\u0142yn\u0119\u0142o zg\u0142oszenie o po\u017carze stodo\u0142y w miejscowo\u015bci Kraszewice przy ulicy Kaliskiej. Po doje\u017adzie \n<a class=\"moretag\" href=\"https:\/\/ostrowskatv.pl\/?p=15256\"> [...]<\/a>","protected":false},"author":1,"featured_media":15253,"comment_status":"open","ping_status":"closed","sticky":false,"template":"","format":"standard","meta":{"footnotes":""},"categories":[1],"tags":[7],"class_list":["post-15256","post","type-post","status-publish","format-standard","has-post-thumbnail","hentry","category-news","tag-pozar"],"_links":{"self":[{"href":"https:\/\/ostrowskatv.pl\/index.php?rest_route=\/wp\/v2\/posts\/15256","targetHints":{"allow":["GET"]}}],"collection":[{"href":"https:\/\/ostrowskatv.pl\/index.php?rest_route=\/wp\/v2\/posts"}],"about":[{"href":"https:\/\/ostrowskatv.pl\/index.php?rest_route=\/wp\/v2\/types\/post"}],"author":[{"embeddable":true,"href":"https:\/\/ostrowskatv.pl\/index.php?rest_route=\/wp\/v2\/users\/1"}],"replies":[{"embeddable":true,"href":"https:\/\/ostrowskatv.pl\/index.php?rest_route=%2Fwp%2Fv2%2Fcomments&post=15256"}],"version-history":[{"count":0,"href":"https:\/\/ostrowskatv.pl\/index.php?rest_route=\/wp\/v2\/posts\/15256\/revisions"}],"wp:featuredmedia":[{"embeddable":true,"href":"https:\/\/ostrowskatv.pl\/index.php?rest_route=\/wp\/v2\/media\/15253"}],"wp:attachment":[{"href":"https:\/\/ostrowskatv.pl\/index.php?rest_route=%2Fwp%2Fv2%2Fmedia&parent=15256"}],"wp:term":[{"taxonomy":"category","embeddable":true,"href":"https:\/\/ostrowskatv.pl\/index.php?rest_route=%2Fwp%2Fv2%2Fcategories&post=15256"},{"taxonomy":"post_tag","embeddable":true,"href":"https:\/\/ostrowskatv.pl\/index.php?rest_route=%2Fwp%2Fv2%2Ftags&post=15256"}],"curies":[{"name":"wp","href":"https:\/\/api.w.org\/{rel}","templated":true}]}}