{"id":15238,"date":"2021-05-31T14:22:29","date_gmt":"2021-05-31T13:22:29","guid":{"rendered":"http:\/\/ostrowska.tv\/?p=15238"},"modified":"2021-05-31T14:27:53","modified_gmt":"2021-05-31T13:27:53","slug":"dozywocie-dla-mordercy-sad-pozwolil-na-ujawnienie-wizerunku-bandyty","status":"publish","type":"post","link":"https:\/\/ostrowskatv.pl\/?p=15238","title":{"rendered":"Do\u017cywocie dla mordercy. S\u0105d pozwoli\u0142 na ujawnienie wizerunku bandyty"},"content":{"rendered":"<p><strong>&#8211; Oskar\u017cony to cz\u0142owiek wyj\u0105tkowo zdemoralizowany, dla kt\u00f3rego \u017cycie ludzkie nie ma \u017cadnej warto\u015bci &#8211; powiedzia\u0142 podczas uzasadnienia wyroku s\u0119dzia Andrzej Miller z kaliskiego S\u0105du. Skaza\u0142 go na kar\u0119 do\u017cywotniego wi\u0119zienia. Wyrok nie jest prawomocny<\/strong>. <\/p>\n<p>Dzisiaj kaliski s\u0105d skaza\u0142 54-letniego Krzysztofa Kazanowskiego na kar\u0119 do\u017cywocia za zastrzelenie swojego pracodawcy i usi\u0142owanie zab\u00f3jstwa jego \u017cony.<\/p>\n<p>&#8222;Nale\u017cy podkre\u015bli\u0107, \u017ce kara do\u017cywotniego pozbawienia wolno\u015bci jest swego rodzaju kar\u0105 eliminacyjn\u0105, kt\u00f3r\u0105 orzeka si\u0119 za najci\u0119\u017csze przest\u0119pstwa. Jest orzekana wobec sprawc\u00f3w najbardziej zdemoralizowanych. Takim w\u0142a\u015bnie  jest oskar\u017cony Krzysztof Kazanowski, kt\u00f3ry dotychczas by\u0142 15-krotnie karany, pierwszy raz, gdy mia\u0142 19 lat a w zak\u0142adach karnych sp\u0119dzi\u0142 ponad 28 lat&#8221; &#8211; powiedzia\u0142 s\u0119dzia Miller.<\/p>\n<p>Do zdarzenia dosz\u0142o 2 wrze\u015bnia 2019 r. na fermie drobiu w wielkopolskich Zadowicach. Tego dnia 34-letni w\u0142a\u015bciciel zosta\u0142 dwukrotnie postrzelony w g\u0142ow\u0119. Zgin\u0105\u0142 na miejscu. Jego  pracownik uciek\u0142 z miejsca zdarzenia, porzucaj\u0105c bro\u0144.<\/p>\n<p>Policjanci zacz\u0119li poszukiwania. Na stronie internetowej kaliskiej komendy policji opublikowano w\u00f3wczas dane i wizerunek poszukiwanego. Jednym ze znak\u00f3w rozpoznawczych by\u0142 wytatuowany na jego twarzy napis &#8222;Kocham ci\u0119 Beatko&#8221;.<\/p>\n<p>Krzysztofa K. zatrzymano w pustostanie  w Kaliszu.<\/p>\n<p>Pokrzywdzony 34-latek kilka miesi\u0119cy wcze\u015bniej kupi\u0142 ferm\u0119 w Zadowicach, do kt\u00f3rej przeprowadzi\u0142 si\u0119 z rodzin\u0105. Zamieszka\u0142 z \u017con\u0105, te\u015bciow\u0105 i dwiema c\u00f3rkami w wieku 9 i 3 lat.<\/p>\n<p>W jednym z budynk\u00f3w gospodarczych zamieszka\u0142 okar\u017cony ze swoj\u0105 konkubin\u0105. W\u0142a\u015bciciel fermy i jego pracownik znali si\u0119 wcze\u015bniej, obaj pochodzili z Wa\u0142cza w wojew\u00f3dztwie zachodniopomorskim.<\/p>\n<p>&#8222;Znali\u015bmy si\u0119 od 7 lat. \u017byli\u015bmy w zgodzie. Mieli\u015bmy do siebie zaufanie. Wiedzia\u0142em, gdzie trzyma bro\u0144 i pieni\u0105dze. Kiedy Piotrek kupi\u0142 w Zadowicach ferm\u0119 za 700 tys. z\u0142, to mnie i konkubin\u0119 zatrudni\u0142 u siebie&#8221; \u2013 zeznawa\u0142 w s\u0105dzie oskar\u017cony.<\/p>\n<p>Nieporozumienia mi\u0119dzy zamordowanym a oskar\u017conym zacz\u0119\u0142y si\u0119 wtedy \u2013 jak twierdzi Kazanowski &#8211; kiedy w\u0142a\u015bciciele zacz\u0119li dokucza\u0107 jego konkubinie, poni\u017ca\u0107 j\u0105, a tak\u017ce grozi\u0107 jej \u015bmierci\u0105.<\/p>\n<p>Podczas jednej z awantur oskar\u017cony mia\u0142 straci\u0107 panowanie nad sob\u0105.<\/p>\n<p>&#8222;Poszed\u0142em do gara\u017cu i wr\u00f3ci\u0142em do kurnika. Kiedy Piotrek zobaczy\u0142, co trzymam w r\u0119ku, zacz\u0105\u0142 biec w moim kierunku. Wystraszy\u0142em si\u0119 go, bo to ros\u0142y i wysportowany m\u0119\u017cczyzna; zacz\u0105\u0142em strzela\u0107&#8221; \u2013 powiedzia\u0142 oskar\u017cony.<\/p>\n<p>Zezna\u0142, \u017ce wystrzeli\u0142 ca\u0142y magazynek, odda\u0142 \u0142\u0105cznie 7 strza\u0142\u00f3w. Kiedy poszkodowany upad\u0142, zdj\u0105\u0142 mu z szyi \u0142a\u0144cuch z krzy\u017cem o warto\u015bci 17 tys. z\u0142 i uciek\u0142 z gospodarstwa. W lombardzie dosta\u0142 za niego 600 z\u0142; pieni\u0105dze mia\u0142 przeznaczy\u0107 na podr\u00f3\u017c do innego miasta.<\/p>\n<p>&#8222;Oskar\u017cony nie przyzna\u0142 si\u0119 do pope\u0142nienia umy\u015blnego i zaplanowanego zab\u00f3jstwa. Wersja ta nie mo\u017ce si\u0119 osta\u0107 w \u015bwietle opinii bieg\u0142ej lekarza medycyny s\u0105dowej Iwony Wpychowskiej, kt\u00f3ra jednoznacznie stwierdzi\u0142a, \u017ce druga  z ran postrza\u0142owych w g\u0142owie denata powsta\u0142a z tak zwanego przy\u0142o\u017cenia. Oskar\u017cony najpierw strzeli\u0142 do Piotra R. z odleg\u0142o\u015bci kilku metr\u00f3w a nast\u0119pnie, gdy ten upad\u0142, podszed\u0142 do niego i przy\u0142o\u017cy\u0142 bro\u0144 do jego g\u0142owy i strzeli\u0142&#8221; &#8211; powiedzia\u0142 s\u0119dzia.<\/p>\n<p>M\u0119\u017cczyzna nie przyzna\u0142 si\u0119 te\u017c do usi\u0142owania zab\u00f3jstwa \u017cony 34-latka i \u017c\u0105dania wydania mu 120 tys. z\u0142.<\/p>\n<p>&#8222;Chcia\u0142 strzeli\u0107 do kobiety, ale zaci\u0119\u0142a si\u0119 bro\u0144&#8221; \u2013 poinformowa\u0142 s\u0119dzia.<\/p>\n<p>&#8222;Z du\u017c\u0105 \u0142atwo\u015bci\u0105 podj\u0105\u0142 decyzj\u0119 o pozbawieniu \u017cycia Piotr R., kt\u00f3ry pom\u00f3g\u0142 mu daj\u0105c prac\u0119 i mieszkanie, gdy po raz kolejny opu\u015bci\u0142 wi\u0119zienie&#8221; &#8211; powiedzia\u0142 Miller.<\/p>\n<p>Dzia\u0142ania oskar\u017conego &#8211; jak stwierdzi\u0142 s\u0105d &#8211; nacechowane by\u0142o brutalno\u015bci\u0105 i bezwzgl\u0119dno\u015bci\u0105. Po dokonaniu zbrodni nie okaza\u0142 skruchy i refleksji nad swoim post\u0119powaniem.<\/p>\n<p>&#8222;Trzeba zaakcentowa\u0107 ogrom z\u0142a, jakie wyrz\u0105dzi\u0142 oskar\u017cony, poniewa\u017c pozbawi\u0142 \u017cycia m\u0119\u017ca i ojca nieletnich c\u00f3rek&#8221; &#8211; doda\u0142 s\u0119dzia.<\/p>\n<p>Wyrok jest nieprawomocny. S\u0105d wyrazi\u0142 zgod\u0119 na publikacj\u0119 danych i wizerunku oskar\u017conego.<\/p>\n<p><img loading=\"lazy\" decoding=\"async\" src=\"http:\/\/ostrowska.tv\/wp-content\/uploads\/2021\/05\/IMG_20210531_132605-01.jpeg\" alt=\"\" width=\"1365\" height=\"787\" class=\"alignnone size-full wp-image-15237\" srcset=\"https:\/\/ostrowskatv.pl\/wp-content\/uploads\/2021\/05\/IMG_20210531_132605-01.jpeg 1365w, https:\/\/ostrowskatv.pl\/wp-content\/uploads\/2021\/05\/IMG_20210531_132605-01-300x173.jpeg 300w, https:\/\/ostrowskatv.pl\/wp-content\/uploads\/2021\/05\/IMG_20210531_132605-01-624x360.jpeg 624w\" sizes=\"auto, (max-width: 1365px) 100vw, 1365px\" \/><\/p>\n<p><img loading=\"lazy\" decoding=\"async\" src=\"http:\/\/ostrowska.tv\/wp-content\/uploads\/2021\/05\/IMG_20210531_131206-01.jpeg\" alt=\"\" width=\"1025\" height=\"1366\" class=\"alignnone size-full wp-image-15236\" srcset=\"https:\/\/ostrowskatv.pl\/wp-content\/uploads\/2021\/05\/IMG_20210531_131206-01.jpeg 1025w, https:\/\/ostrowskatv.pl\/wp-content\/uploads\/2021\/05\/IMG_20210531_131206-01-225x300.jpeg 225w, https:\/\/ostrowskatv.pl\/wp-content\/uploads\/2021\/05\/IMG_20210531_131206-01-270x360.jpeg 270w\" sizes=\"auto, (max-width: 1025px) 100vw, 1025px\" \/><\/p>\n","protected":false},"excerpt":{"rendered":"&#8211; Oskar\u017cony to cz\u0142owiek wyj\u0105tkowo zdemoralizowany, dla kt\u00f3rego \u017cycie ludzkie nie ma \u017cadnej warto\u015bci &#8211; powiedzia\u0142 podczas uzasadnienia wyroku s\u0119dzia Andrzej Miller z \n<a class=\"moretag\" href=\"https:\/\/ostrowskatv.pl\/?p=15238\"> [...]<\/a>","protected":false},"author":1,"featured_media":15241,"comment_status":"open","ping_status":"closed","sticky":false,"template":"","format":"standard","meta":{"footnotes":""},"categories":[1],"tags":[80],"class_list":["post-15238","post","type-post","status-publish","format-standard","has-post-thumbnail","hentry","category-news","tag-kalisz"],"_links":{"self":[{"href":"https:\/\/ostrowskatv.pl\/index.php?rest_route=\/wp\/v2\/posts\/15238","targetHints":{"allow":["GET"]}}],"collection":[{"href":"https:\/\/ostrowskatv.pl\/index.php?rest_route=\/wp\/v2\/posts"}],"about":[{"href":"https:\/\/ostrowskatv.pl\/index.php?rest_route=\/wp\/v2\/types\/post"}],"author":[{"embeddable":true,"href":"https:\/\/ostrowskatv.pl\/index.php?rest_route=\/wp\/v2\/users\/1"}],"replies":[{"embeddable":true,"href":"https:\/\/ostrowskatv.pl\/index.php?rest_route=%2Fwp%2Fv2%2Fcomments&post=15238"}],"version-history":[{"count":0,"href":"https:\/\/ostrowskatv.pl\/index.php?rest_route=\/wp\/v2\/posts\/15238\/revisions"}],"wp:featuredmedia":[{"embeddable":true,"href":"https:\/\/ostrowskatv.pl\/index.php?rest_route=\/wp\/v2\/media\/15241"}],"wp:attachment":[{"href":"https:\/\/ostrowskatv.pl\/index.php?rest_route=%2Fwp%2Fv2%2Fmedia&parent=15238"}],"wp:term":[{"taxonomy":"category","embeddable":true,"href":"https:\/\/ostrowskatv.pl\/index.php?rest_route=%2Fwp%2Fv2%2Fcategories&post=15238"},{"taxonomy":"post_tag","embeddable":true,"href":"https:\/\/ostrowskatv.pl\/index.php?rest_route=%2Fwp%2Fv2%2Ftags&post=15238"}],"curies":[{"name":"wp","href":"https:\/\/api.w.org\/{rel}","templated":true}]}}