{"id":15223,"date":"2021-05-30T15:36:20","date_gmt":"2021-05-30T14:36:20","guid":{"rendered":"http:\/\/ostrowska.tv\/?p=15223"},"modified":"2021-05-30T15:36:20","modified_gmt":"2021-05-30T14:36:20","slug":"piruet-na-motocyklu-z-upadkiem","status":"publish","type":"post","link":"https:\/\/ostrowskatv.pl\/?p=15223","title":{"rendered":"Piruet na motocyklu z upadkiem"},"content":{"rendered":"<p><strong>W niedziel\u0119 dw\u00f3ch motocyklist\u00f3w wybra\u0142o si\u0119 na przeja\u017cd\u017ck\u0119 po okolicy. B\u0119d\u0105c w pobli\u017cu przejazdu kolejowego pomi\u0119dzy Ostrowem Wlkp., a Franklinowem jeden z nich upad\u0142<\/strong>.<\/p>\n<p>M\u0119\u017cczyzna kieruj\u0105c motocyklem Yamaha wje\u017cd\u017caj\u0105c w \u0142uk nie zorientowa\u0142 si\u0119, \u017ce ma cz\u0119\u015bciowo roz\u0142o\u017con\u0105 n\u00f3\u017ck\u0119. Gdy zahaczy\u0142a o asfalt, motocyklista zrobi\u0142 piruet i upad\u0142 na twarde pod\u0142o\u017ce.<\/p>\n<p>Na miejsce wys\u0142ano 2 zast\u0119py stra\u017cy po\u017carnej, karetk\u0119 oraz policj\u0119. Ze zg\u0142oszenia wynika\u0142o, \u017ce dw\u00f3ch motocyklist\u00f3w bra\u0142o udzia\u0142 w wypadku. W rzeczywisto\u015bci tylko jeden z nich dozna\u0142 og\u00f3lnych pot\u0142ucze\u0144.<\/p>\n<p>Motocykl Yamaha ma uszkodzony prz\u00f3d.<\/p>\n<p><img loading=\"lazy\" decoding=\"async\" src=\"http:\/\/ostrowska.tv\/wp-content\/uploads\/2021\/05\/IMG_20210530_155621-01.jpeg\" alt=\"\" width=\"1022\" height=\"1366\" class=\"alignnone size-full wp-image-15224\" srcset=\"https:\/\/ostrowskatv.pl\/wp-content\/uploads\/2021\/05\/IMG_20210530_155621-01.jpeg 1022w, https:\/\/ostrowskatv.pl\/wp-content\/uploads\/2021\/05\/IMG_20210530_155621-01-224x300.jpeg 224w, https:\/\/ostrowskatv.pl\/wp-content\/uploads\/2021\/05\/IMG_20210530_155621-01-269x360.jpeg 269w\" sizes=\"auto, (max-width: 1022px) 100vw, 1022px\" \/><\/p>\n<p><img loading=\"lazy\" decoding=\"async\" src=\"http:\/\/ostrowska.tv\/wp-content\/uploads\/2021\/05\/IMG_20210530_155933-01.jpeg\" alt=\"\" width=\"1366\" height=\"834\" class=\"alignnone size-full wp-image-15225\" srcset=\"https:\/\/ostrowskatv.pl\/wp-content\/uploads\/2021\/05\/IMG_20210530_155933-01.jpeg 1366w, https:\/\/ostrowskatv.pl\/wp-content\/uploads\/2021\/05\/IMG_20210530_155933-01-300x183.jpeg 300w, https:\/\/ostrowskatv.pl\/wp-content\/uploads\/2021\/05\/IMG_20210530_155933-01-590x360.jpeg 590w\" sizes=\"auto, (max-width: 1366px) 100vw, 1366px\" \/><\/p>\n<p><img loading=\"lazy\" decoding=\"async\" src=\"http:\/\/ostrowska.tv\/wp-content\/uploads\/2021\/05\/IMG_20210530_160125-01.jpeg\" alt=\"\" width=\"1366\" height=\"682\" class=\"alignnone size-full wp-image-15226\" srcset=\"https:\/\/ostrowskatv.pl\/wp-content\/uploads\/2021\/05\/IMG_20210530_160125-01.jpeg 1366w, https:\/\/ostrowskatv.pl\/wp-content\/uploads\/2021\/05\/IMG_20210530_160125-01-300x150.jpeg 300w, https:\/\/ostrowskatv.pl\/wp-content\/uploads\/2021\/05\/IMG_20210530_160125-01-640x320.jpeg 640w\" sizes=\"auto, (max-width: 1366px) 100vw, 1366px\" \/><\/p>\n","protected":false},"excerpt":{"rendered":"W niedziel\u0119 dw\u00f3ch motocyklist\u00f3w wybra\u0142o si\u0119 na przeja\u017cd\u017ck\u0119 po okolicy. B\u0119d\u0105c w pobli\u017cu przejazdu kolejowego pomi\u0119dzy Ostrowem Wlkp., a Franklinowem jeden z nich \n<a class=\"moretag\" href=\"https:\/\/ostrowskatv.pl\/?p=15223\"> [...]<\/a>","protected":false},"author":1,"featured_media":15226,"comment_status":"open","ping_status":"closed","sticky":false,"template":"","format":"standard","meta":{"footnotes":""},"categories":[1],"tags":[2],"class_list":["post-15223","post","type-post","status-publish","format-standard","has-post-thumbnail","hentry","category-news","tag-ostrow-wielkopolski"],"_links":{"self":[{"href":"https:\/\/ostrowskatv.pl\/index.php?rest_route=\/wp\/v2\/posts\/15223","targetHints":{"allow":["GET"]}}],"collection":[{"href":"https:\/\/ostrowskatv.pl\/index.php?rest_route=\/wp\/v2\/posts"}],"about":[{"href":"https:\/\/ostrowskatv.pl\/index.php?rest_route=\/wp\/v2\/types\/post"}],"author":[{"embeddable":true,"href":"https:\/\/ostrowskatv.pl\/index.php?rest_route=\/wp\/v2\/users\/1"}],"replies":[{"embeddable":true,"href":"https:\/\/ostrowskatv.pl\/index.php?rest_route=%2Fwp%2Fv2%2Fcomments&post=15223"}],"version-history":[{"count":0,"href":"https:\/\/ostrowskatv.pl\/index.php?rest_route=\/wp\/v2\/posts\/15223\/revisions"}],"wp:featuredmedia":[{"embeddable":true,"href":"https:\/\/ostrowskatv.pl\/index.php?rest_route=\/wp\/v2\/media\/15226"}],"wp:attachment":[{"href":"https:\/\/ostrowskatv.pl\/index.php?rest_route=%2Fwp%2Fv2%2Fmedia&parent=15223"}],"wp:term":[{"taxonomy":"category","embeddable":true,"href":"https:\/\/ostrowskatv.pl\/index.php?rest_route=%2Fwp%2Fv2%2Fcategories&post=15223"},{"taxonomy":"post_tag","embeddable":true,"href":"https:\/\/ostrowskatv.pl\/index.php?rest_route=%2Fwp%2Fv2%2Ftags&post=15223"}],"curies":[{"name":"wp","href":"https:\/\/api.w.org\/{rel}","templated":true}]}}