{"id":1522,"date":"2016-06-02T12:37:32","date_gmt":"2016-06-02T11:37:32","guid":{"rendered":"http:\/\/ostrowska.tv\/?p=1522"},"modified":"2016-06-02T13:56:14","modified_gmt":"2016-06-02T12:56:14","slug":"wojtus-juz-w-niebie","status":"publish","type":"post","link":"https:\/\/ostrowskatv.pl\/?p=1522","title":{"rendered":"Wojtu\u015b ju\u017c w niebie"},"content":{"rendered":"<p>W czwartek na cmentarzu przy ulicy Limanowskiego odby\u0142o si\u0119 ostatnie po\u017cegnanie Wojtusia Portasiaka. Maluszek walczy\u0142 o \u017cycie po operacji serca,\u00a0 kt\u00f3r\u0105 przeszed\u0142 niedawno w jednej z niemieckich klinik. Operacja by\u0142a mo\u017cliwa dzi\u0119ki determinacji jego rodzic\u00f3w \u0141ukasza i Sandry,\u00a0 kt\u00f3rzy w kr\u00f3tkim czasie musieli zebra\u0107 na ten cel oko\u0142o 350 tys. z\u0142. Uda\u0142o im si\u0119 to dzi\u0119ki ogromnej \u017cyczliwo\u015bci i wra\u017cliwo\u015bci przede wszystkim mieszka\u0144c\u00f3w Ostrowa Wlkp.,\u00a0 ale tak\u017ce innych miast.<\/p>\n<p>Wtedy wydawa\u0142o si\u0119,\u00a0 \u017ce Wojtu\u015b wygra walk\u0119 o \u017cycie. Niestety w ostatnim czasie,\u00a0 jego stan zacz\u0105\u0142 si\u0119 zdecydowanie pogarsza \u0107wiczenia. Ch\u0142opczyk ostatecznie trafi\u0142 do wroc\u0142awskiego szpitala gdzie lekarze starali si\u0119 go uratowa\u0107. Wojtu\u015b ostatecznie zmar\u0142 co spowodowa\u0142o ogromny smutek nie tylko rodziny i bliskich,\u00a0 ale tak\u017ce wszystkich zaanga\u017cowanych w akcj\u0119 pomocy.<\/p>\n<p>Podczas uroczysto\u015bci pogrzebowych obecnych by\u0142o oko\u0142o stu os\u00f3b. Maluszka \u017cegna\u0142a tak\u017ce liczna grupa stra\u017cak\u00f3w, koleg\u00f3w z pracy ojca i dziadka.<\/p>\n<p>Rodzina nie poda\u0142a do publicznej wiadomo\u015bci terminu pogrzebu.<\/p>\n<div id='gallery-1' class='gallery galleryid-1522 gallery-columns-3 gallery-size-thumbnail'><figure class='gallery-item'>\n\t\t\t<div class='gallery-icon portrait'>\n\t\t\t\t<a href='https:\/\/ostrowskatv.pl\/?attachment_id=1531'><img loading=\"lazy\" decoding=\"async\" width=\"150\" height=\"150\" src=\"https:\/\/ostrowskatv.pl\/wp-content\/uploads\/2016\/06\/wojtus-grob-01-150x150.jpg\" class=\"attachment-thumbnail size-thumbnail\" alt=\"\" \/><\/a>\n\t\t\t<\/div><\/figure><figure class='gallery-item'>\n\t\t\t<div class='gallery-icon portrait'>\n\t\t\t\t<a href='https:\/\/ostrowskatv.pl\/?attachment_id=1530'><img loading=\"lazy\" decoding=\"async\" width=\"150\" height=\"150\" src=\"https:\/\/ostrowskatv.pl\/wp-content\/uploads\/2016\/06\/wojtus-grob-02-150x150.jpg\" class=\"attachment-thumbnail size-thumbnail\" alt=\"\" \/><\/a>\n\t\t\t<\/div><\/figure><figure class='gallery-item'>\n\t\t\t<div class='gallery-icon portrait'>\n\t\t\t\t<a href='https:\/\/ostrowskatv.pl\/?attachment_id=1529'><img loading=\"lazy\" decoding=\"async\" width=\"150\" height=\"150\" src=\"https:\/\/ostrowskatv.pl\/wp-content\/uploads\/2016\/06\/wojtus-grob-03-150x150.jpg\" class=\"attachment-thumbnail size-thumbnail\" alt=\"\" \/><\/a>\n\t\t\t<\/div><\/figure>\n\t\t<\/div>\n\n<p>&nbsp;<\/p>\n","protected":false},"excerpt":{"rendered":"W czwartek na cmentarzu przy ulicy Limanowskiego odby\u0142o si\u0119 ostatnie po\u017cegnanie Wojtusia Portasiaka. Maluszek walczy\u0142 o \u017cycie po operacji serca,\u00a0 kt\u00f3r\u0105 przeszed\u0142 niedawno \n<a class=\"moretag\" href=\"https:\/\/ostrowskatv.pl\/?p=1522\"> [...]<\/a>","protected":false},"author":1,"featured_media":1525,"comment_status":"open","ping_status":"open","sticky":false,"template":"","format":"standard","meta":{"footnotes":""},"categories":[1],"tags":[2],"class_list":["post-1522","post","type-post","status-publish","format-standard","has-post-thumbnail","hentry","category-news","tag-ostrow-wielkopolski"],"_links":{"self":[{"href":"https:\/\/ostrowskatv.pl\/index.php?rest_route=\/wp\/v2\/posts\/1522","targetHints":{"allow":["GET"]}}],"collection":[{"href":"https:\/\/ostrowskatv.pl\/index.php?rest_route=\/wp\/v2\/posts"}],"about":[{"href":"https:\/\/ostrowskatv.pl\/index.php?rest_route=\/wp\/v2\/types\/post"}],"author":[{"embeddable":true,"href":"https:\/\/ostrowskatv.pl\/index.php?rest_route=\/wp\/v2\/users\/1"}],"replies":[{"embeddable":true,"href":"https:\/\/ostrowskatv.pl\/index.php?rest_route=%2Fwp%2Fv2%2Fcomments&post=1522"}],"version-history":[{"count":0,"href":"https:\/\/ostrowskatv.pl\/index.php?rest_route=\/wp\/v2\/posts\/1522\/revisions"}],"wp:featuredmedia":[{"embeddable":true,"href":"https:\/\/ostrowskatv.pl\/index.php?rest_route=\/wp\/v2\/media\/1525"}],"wp:attachment":[{"href":"https:\/\/ostrowskatv.pl\/index.php?rest_route=%2Fwp%2Fv2%2Fmedia&parent=1522"}],"wp:term":[{"taxonomy":"category","embeddable":true,"href":"https:\/\/ostrowskatv.pl\/index.php?rest_route=%2Fwp%2Fv2%2Fcategories&post=1522"},{"taxonomy":"post_tag","embeddable":true,"href":"https:\/\/ostrowskatv.pl\/index.php?rest_route=%2Fwp%2Fv2%2Ftags&post=1522"}],"curies":[{"name":"wp","href":"https:\/\/api.w.org\/{rel}","templated":true}]}}