{"id":15116,"date":"2021-05-28T12:50:49","date_gmt":"2021-05-28T11:50:49","guid":{"rendered":"http:\/\/ostrowska.tv\/?p=15116"},"modified":"2021-05-28T12:50:49","modified_gmt":"2021-05-28T11:50:49","slug":"spadl-z-dachu-podczas-remontu","status":"publish","type":"post","link":"https:\/\/ostrowskatv.pl\/?p=15116","title":{"rendered":"Spad\u0142 z dachu podczas remontu"},"content":{"rendered":"<p><strong>Podczas remontu budynku dosz\u0142o do wypadku losowego. M\u0119\u017cczyzna wykonuj\u0105cy prace na wysoko\u015bci spad\u0142 na ziemi\u0119. 53-latek dozna\u0142 z\u0142amania uda<\/strong>.<\/p>\n<p>Z tym urazem zosta\u0142 przetransportowany na oddzia\u0142 ortopedyczny. Do incydentu dosz\u0142o przy ulicy Klonowej w Ostrowie Wielkopolskim.<\/p>\n<p><img loading=\"lazy\" decoding=\"async\" class=\"alignnone size-full wp-image-15117\" src=\"http:\/\/ostrowska.tv\/wp-content\/uploads\/2021\/05\/IMG_20210528_113606-01.jpeg\" alt=\"\" width=\"1366\" height=\"948\" srcset=\"https:\/\/ostrowskatv.pl\/wp-content\/uploads\/2021\/05\/IMG_20210528_113606-01.jpeg 1366w, https:\/\/ostrowskatv.pl\/wp-content\/uploads\/2021\/05\/IMG_20210528_113606-01-300x208.jpeg 300w, https:\/\/ostrowskatv.pl\/wp-content\/uploads\/2021\/05\/IMG_20210528_113606-01-519x360.jpeg 519w\" sizes=\"auto, (max-width: 1366px) 100vw, 1366px\" \/><\/p>\n","protected":false},"excerpt":{"rendered":"Podczas remontu budynku dosz\u0142o do wypadku losowego. M\u0119\u017cczyzna wykonuj\u0105cy prace na wysoko\u015bci spad\u0142 na ziemi\u0119. 53-latek dozna\u0142 z\u0142amania uda. Z tym urazem zosta\u0142 \n<a class=\"moretag\" href=\"https:\/\/ostrowskatv.pl\/?p=15116\"> [...]<\/a>","protected":false},"author":1,"featured_media":15118,"comment_status":"open","ping_status":"closed","sticky":false,"template":"","format":"standard","meta":{"footnotes":""},"categories":[1],"tags":[2],"class_list":["post-15116","post","type-post","status-publish","format-standard","has-post-thumbnail","hentry","category-news","tag-ostrow-wielkopolski"],"_links":{"self":[{"href":"https:\/\/ostrowskatv.pl\/index.php?rest_route=\/wp\/v2\/posts\/15116","targetHints":{"allow":["GET"]}}],"collection":[{"href":"https:\/\/ostrowskatv.pl\/index.php?rest_route=\/wp\/v2\/posts"}],"about":[{"href":"https:\/\/ostrowskatv.pl\/index.php?rest_route=\/wp\/v2\/types\/post"}],"author":[{"embeddable":true,"href":"https:\/\/ostrowskatv.pl\/index.php?rest_route=\/wp\/v2\/users\/1"}],"replies":[{"embeddable":true,"href":"https:\/\/ostrowskatv.pl\/index.php?rest_route=%2Fwp%2Fv2%2Fcomments&post=15116"}],"version-history":[{"count":0,"href":"https:\/\/ostrowskatv.pl\/index.php?rest_route=\/wp\/v2\/posts\/15116\/revisions"}],"wp:featuredmedia":[{"embeddable":true,"href":"https:\/\/ostrowskatv.pl\/index.php?rest_route=\/wp\/v2\/media\/15118"}],"wp:attachment":[{"href":"https:\/\/ostrowskatv.pl\/index.php?rest_route=%2Fwp%2Fv2%2Fmedia&parent=15116"}],"wp:term":[{"taxonomy":"category","embeddable":true,"href":"https:\/\/ostrowskatv.pl\/index.php?rest_route=%2Fwp%2Fv2%2Fcategories&post=15116"},{"taxonomy":"post_tag","embeddable":true,"href":"https:\/\/ostrowskatv.pl\/index.php?rest_route=%2Fwp%2Fv2%2Ftags&post=15116"}],"curies":[{"name":"wp","href":"https:\/\/api.w.org\/{rel}","templated":true}]}}