{"id":1510,"date":"2016-05-31T21:24:50","date_gmt":"2016-05-31T20:24:50","guid":{"rendered":"http:\/\/ostrowska.tv\/?p=1510"},"modified":"2016-05-31T21:24:50","modified_gmt":"2016-05-31T20:24:50","slug":"skutki-intensywnych-opadow-w-regionie","status":"publish","type":"post","link":"https:\/\/ostrowskatv.pl\/?p=1510","title":{"rendered":"Skutki intensywnych opad\u00f3w w regionie"},"content":{"rendered":"<p><strong>Przez ostatnie kilkadziesi\u0105t godzin przez powiat ostrowski przechodzi\u0142y intensywne opady deszczu, po\u0142\u0105czone z gradobiciem i wy\u0142adowaniami atmosferycznymi. Jak to najcz\u0119\u015bciej bywa, Ostr\u00f3w Wielkopolski by\u0142 szcz\u0119\u015bliwie omijany przez matk\u0119 natur\u0119. Tradycyjnie natomiast najbardziej ucierpia\u0142 rejon Nowych Skalmierzyc.<\/strong><\/p>\n<p>Ulice zamieni\u0142y si\u0119 w rw\u0105cy potok &#8211; tak relacjonowa\u0142a portalowi faktykaliskie.pl pani Anna, mieszkanka Nowych Skalmierzyc. Kobieta by\u0142a \u015bwiadkiem uderzenia b\u0142yskawicy w centrum tej miejscowo\u015bci. &#8211; Piorun uderzy\u0142 w ziemi\u0119 dos\u0142ownie kilka metr\u00f3w od nas. Najpierw by\u0142 b\u0142ysk i straszny huk, p\u00f3\u017aniej niewielkie k\u0142\u0119by bia\u0142ego dymu. Wszyscy zacz\u0119li\u015bmy ucieka\u0107!- pisze Anna.<\/p>\n<p>Jak czytamy dalej, na placu Wolno\u015bci, tam gdzie uderzy\u0142 piorun by\u0142o pe\u0142no ludzi. Jednak nikomu nic si\u0119 nie sta\u0142o. Przejazd ulicami N. Skalmierzyc by\u0142 utrudniony. Stra\u017c z kilku posesji musia\u0142a wypompowywa\u0107 wod\u0119 z pomieszcze\u0144 piwnicznych.<\/p>\n<p>Materia\u0142y podes\u0142ane na redakcyjn\u0105 skrzynk\u0119 przez Dawida Wawrzyniaka.<\/p>\n<div id='gallery-1' class='gallery galleryid-1510 gallery-columns-3 gallery-size-thumbnail'><figure class='gallery-item'>\n\t\t\t<div class='gallery-icon landscape'>\n\t\t\t\t<a href='https:\/\/ostrowskatv.pl\/?attachment_id=1511'><img loading=\"lazy\" decoding=\"async\" width=\"150\" height=\"150\" src=\"https:\/\/ostrowskatv.pl\/wp-content\/uploads\/2016\/05\/13340770_1094809180586830_1560277032_o-150x150.jpg\" class=\"attachment-thumbnail size-thumbnail\" alt=\"\" \/><\/a>\n\t\t\t<\/div><\/figure><figure class='gallery-item'>\n\t\t\t<div class='gallery-icon landscape'>\n\t\t\t\t<a href='https:\/\/ostrowskatv.pl\/?attachment_id=1512'><img loading=\"lazy\" decoding=\"async\" width=\"150\" height=\"150\" src=\"https:\/\/ostrowskatv.pl\/wp-content\/uploads\/2016\/05\/skalmierzyce-ulewa-150x150.jpg\" class=\"attachment-thumbnail size-thumbnail\" alt=\"\" \/><\/a>\n\t\t\t<\/div><\/figure>\n\t\t<\/div>\n\n<div style=\"width: 720px;\" class=\"wp-video\"><video class=\"wp-video-shortcode\" id=\"video-1510-1\" width=\"720\" height=\"480\" preload=\"metadata\" controls=\"controls\"><source type=\"video\/mp4\" src=\"http:\/\/ostrowska.tv\/wp-content\/uploads\/2016\/05\/video-1464613386.mp4?_=1\" \/><a href=\"http:\/\/ostrowska.tv\/wp-content\/uploads\/2016\/05\/video-1464613386.mp4\">http:\/\/ostrowska.tv\/wp-content\/uploads\/2016\/05\/video-1464613386.mp4<\/a><\/video><\/div>\n<div style=\"width: 480px;\" class=\"wp-video\"><video class=\"wp-video-shortcode\" id=\"video-1510-2\" width=\"480\" height=\"720\" preload=\"metadata\" controls=\"controls\"><source type=\"video\/mp4\" src=\"http:\/\/ostrowska.tv\/wp-content\/uploads\/2016\/05\/video-1464613113.mp4?_=2\" \/><a href=\"http:\/\/ostrowska.tv\/wp-content\/uploads\/2016\/05\/video-1464613113.mp4\">http:\/\/ostrowska.tv\/wp-content\/uploads\/2016\/05\/video-1464613113.mp4<\/a><\/video><\/div>\n","protected":false},"excerpt":{"rendered":"Przez ostatnie kilkadziesi\u0105t godzin przez powiat ostrowski przechodzi\u0142y intensywne opady deszczu, po\u0142\u0105czone z gradobiciem i wy\u0142adowaniami atmosferycznymi. Jak to najcz\u0119\u015bciej bywa, Ostr\u00f3w Wielkopolski \n<a class=\"moretag\" href=\"https:\/\/ostrowskatv.pl\/?p=1510\"> [...]<\/a>","protected":false},"author":1,"featured_media":1512,"comment_status":"open","ping_status":"open","sticky":false,"template":"","format":"standard","meta":{"footnotes":""},"categories":[1],"tags":[61],"class_list":["post-1510","post","type-post","status-publish","format-standard","has-post-thumbnail","hentry","category-news","tag-nowe-skalmierzyce"],"_links":{"self":[{"href":"https:\/\/ostrowskatv.pl\/index.php?rest_route=\/wp\/v2\/posts\/1510","targetHints":{"allow":["GET"]}}],"collection":[{"href":"https:\/\/ostrowskatv.pl\/index.php?rest_route=\/wp\/v2\/posts"}],"about":[{"href":"https:\/\/ostrowskatv.pl\/index.php?rest_route=\/wp\/v2\/types\/post"}],"author":[{"embeddable":true,"href":"https:\/\/ostrowskatv.pl\/index.php?rest_route=\/wp\/v2\/users\/1"}],"replies":[{"embeddable":true,"href":"https:\/\/ostrowskatv.pl\/index.php?rest_route=%2Fwp%2Fv2%2Fcomments&post=1510"}],"version-history":[{"count":0,"href":"https:\/\/ostrowskatv.pl\/index.php?rest_route=\/wp\/v2\/posts\/1510\/revisions"}],"wp:featuredmedia":[{"embeddable":true,"href":"https:\/\/ostrowskatv.pl\/index.php?rest_route=\/wp\/v2\/media\/1512"}],"wp:attachment":[{"href":"https:\/\/ostrowskatv.pl\/index.php?rest_route=%2Fwp%2Fv2%2Fmedia&parent=1510"}],"wp:term":[{"taxonomy":"category","embeddable":true,"href":"https:\/\/ostrowskatv.pl\/index.php?rest_route=%2Fwp%2Fv2%2Fcategories&post=1510"},{"taxonomy":"post_tag","embeddable":true,"href":"https:\/\/ostrowskatv.pl\/index.php?rest_route=%2Fwp%2Fv2%2Ftags&post=1510"}],"curies":[{"name":"wp","href":"https:\/\/api.w.org\/{rel}","templated":true}]}}