{"id":15056,"date":"2021-05-25T16:09:09","date_gmt":"2021-05-25T15:09:09","guid":{"rendered":"http:\/\/ostrowska.tv\/?p=15056"},"modified":"2021-05-25T16:09:09","modified_gmt":"2021-05-25T15:09:09","slug":"wypadl-z-drogi-za-duzo-alkoholu","status":"publish","type":"post","link":"https:\/\/ostrowskatv.pl\/?p=15056","title":{"rendered":"Wypad\u0142 z drogi. Za du\u017co alkoholu"},"content":{"rendered":"<p><strong>Ko\u0142o miejscowo\u015bci D\u0119bnica seat wyjecha\u0142 z drogi. Do zdarzenia dosz\u0142o we wtorek ko\u0142o po\u0142udnia. 45-letni m\u0119\u017cczyzna wydmucha\u0142 do policyjnego alkomat ponad 2 promile<\/strong>.<\/p>\n<p>Za jazd\u0119 w takim stanie nietrze\u017awo\u015bci otrzyma konieczno\u015b\u0107 zap\u0142aty od 5 do 60 tys. z\u0142. Grzywn\u0119 uzale\u017cnion\u0105 od dochod\u00f3w, co najmniej 3-letni zakaz prowadzenia pojazd\u00f3w oraz mo\u017cliw\u0105 kar\u0119 ograniczenia wolno\u015bci. Straci\u0142 te\u017c uszkadzaj\u0105c sw\u00f3j samoch\u00f3d.<\/p>\n","protected":false},"excerpt":{"rendered":"Ko\u0142o miejscowo\u015bci D\u0119bnica seat wyjecha\u0142 z drogi. Do zdarzenia dosz\u0142o we wtorek ko\u0142o po\u0142udnia. 45-letni m\u0119\u017cczyzna wydmucha\u0142 do policyjnego alkomat ponad 2 promile. \n<a class=\"moretag\" href=\"https:\/\/ostrowskatv.pl\/?p=15056\"> [...]<\/a>","protected":false},"author":1,"featured_media":15057,"comment_status":"open","ping_status":"closed","sticky":false,"template":"","format":"standard","meta":{"footnotes":""},"categories":[1],"tags":[4],"class_list":["post-15056","post","type-post","status-publish","format-standard","has-post-thumbnail","hentry","category-news","tag-alkohol"],"_links":{"self":[{"href":"https:\/\/ostrowskatv.pl\/index.php?rest_route=\/wp\/v2\/posts\/15056","targetHints":{"allow":["GET"]}}],"collection":[{"href":"https:\/\/ostrowskatv.pl\/index.php?rest_route=\/wp\/v2\/posts"}],"about":[{"href":"https:\/\/ostrowskatv.pl\/index.php?rest_route=\/wp\/v2\/types\/post"}],"author":[{"embeddable":true,"href":"https:\/\/ostrowskatv.pl\/index.php?rest_route=\/wp\/v2\/users\/1"}],"replies":[{"embeddable":true,"href":"https:\/\/ostrowskatv.pl\/index.php?rest_route=%2Fwp%2Fv2%2Fcomments&post=15056"}],"version-history":[{"count":0,"href":"https:\/\/ostrowskatv.pl\/index.php?rest_route=\/wp\/v2\/posts\/15056\/revisions"}],"wp:featuredmedia":[{"embeddable":true,"href":"https:\/\/ostrowskatv.pl\/index.php?rest_route=\/wp\/v2\/media\/15057"}],"wp:attachment":[{"href":"https:\/\/ostrowskatv.pl\/index.php?rest_route=%2Fwp%2Fv2%2Fmedia&parent=15056"}],"wp:term":[{"taxonomy":"category","embeddable":true,"href":"https:\/\/ostrowskatv.pl\/index.php?rest_route=%2Fwp%2Fv2%2Fcategories&post=15056"},{"taxonomy":"post_tag","embeddable":true,"href":"https:\/\/ostrowskatv.pl\/index.php?rest_route=%2Fwp%2Fv2%2Ftags&post=15056"}],"curies":[{"name":"wp","href":"https:\/\/api.w.org\/{rel}","templated":true}]}}