{"id":15048,"date":"2021-05-24T07:20:26","date_gmt":"2021-05-24T06:20:26","guid":{"rendered":"http:\/\/ostrowska.tv\/?p=15048"},"modified":"2021-05-24T07:20:26","modified_gmt":"2021-05-24T06:20:26","slug":"paralotniarz-wlecial-w-linie-energetyczna-i-spadl","status":"publish","type":"post","link":"https:\/\/ostrowskatv.pl\/?p=15048","title":{"rendered":"Paralotniarz wlecia\u0142 w lini\u0119 energetyczn\u0105 i spad\u0142"},"content":{"rendered":"<p><strong>Oko\u0142o godziny 6.30 w miejscowo\u015bci Franklin\u00f3w dosz\u0142o do wypadku z udzia\u0142em paralotniarza. Oko\u0142o 45-letni m\u0119\u017cczyzna wykonuj\u0105c manewr zawracania uderzy\u0142 w lini\u0119 energetyczn\u0105. Po zerwaniu jednej z nich upad\u0142 z wysoko\u015bci oko\u0142o 14 metr\u00f3w<\/strong>.<\/p>\n<p>Na miejsce wys\u0142ano 2 zast\u0119py stra\u017cy po\u017carnej z Ostrowa Wlkp. i zast\u0119p z jednostki OSP Sob\u00f3tka, karetk\u0119 pogotowia, pogotowie energetyczne i \u015bmig\u0142owiec LPR.<\/p>\n<p>Po przybyciu na miejsce paralotniarz z nap\u0119dem le\u017ca\u0142 oko\u0142o 2 metr\u00f3w od asfaltowej drogi. Pierwszej pomocy udzielili mu \u015bwiadkowie zdarzenia. Ze wst\u0119pnych ustale\u0144 wynika, \u017ce dozna\u0142 urazu miednicy i s\u0105 podejrzenia z\u0142ama\u0144 ko\u015bci.<\/p>\n<p>Zosta\u0142 przetransportowany \u015bmig\u0142owcem do ostrowskiego szpitala. Po wypadku by\u0142 przytomny.<\/p>\n<p><img loading=\"lazy\" decoding=\"async\" class=\"alignnone size-full wp-image-15049\" src=\"http:\/\/ostrowska.tv\/wp-content\/uploads\/2021\/05\/IMG_20210524_070658-01.jpeg\" alt=\"\" width=\"1366\" height=\"957\" srcset=\"https:\/\/ostrowskatv.pl\/wp-content\/uploads\/2021\/05\/IMG_20210524_070658-01.jpeg 1366w, https:\/\/ostrowskatv.pl\/wp-content\/uploads\/2021\/05\/IMG_20210524_070658-01-300x210.jpeg 300w, https:\/\/ostrowskatv.pl\/wp-content\/uploads\/2021\/05\/IMG_20210524_070658-01-514x360.jpeg 514w, https:\/\/ostrowskatv.pl\/wp-content\/uploads\/2021\/05\/IMG_20210524_070658-01-120x85.jpeg 120w\" sizes=\"auto, (max-width: 1366px) 100vw, 1366px\" \/> <img loading=\"lazy\" decoding=\"async\" class=\"alignnone size-full wp-image-15050\" src=\"http:\/\/ostrowska.tv\/wp-content\/uploads\/2021\/05\/IMG_20210524_070726-01.jpeg\" alt=\"\" width=\"1025\" height=\"1366\" srcset=\"https:\/\/ostrowskatv.pl\/wp-content\/uploads\/2021\/05\/IMG_20210524_070726-01.jpeg 1025w, https:\/\/ostrowskatv.pl\/wp-content\/uploads\/2021\/05\/IMG_20210524_070726-01-225x300.jpeg 225w, https:\/\/ostrowskatv.pl\/wp-content\/uploads\/2021\/05\/IMG_20210524_070726-01-270x360.jpeg 270w\" sizes=\"auto, (max-width: 1025px) 100vw, 1025px\" \/> <img loading=\"lazy\" decoding=\"async\" class=\"alignnone size-full wp-image-15051\" src=\"http:\/\/ostrowska.tv\/wp-content\/uploads\/2021\/05\/IMG_20210524_071411-01.jpeg\" alt=\"\" width=\"1366\" height=\"946\" srcset=\"https:\/\/ostrowskatv.pl\/wp-content\/uploads\/2021\/05\/IMG_20210524_071411-01.jpeg 1366w, https:\/\/ostrowskatv.pl\/wp-content\/uploads\/2021\/05\/IMG_20210524_071411-01-300x208.jpeg 300w, https:\/\/ostrowskatv.pl\/wp-content\/uploads\/2021\/05\/IMG_20210524_071411-01-520x360.jpeg 520w\" sizes=\"auto, (max-width: 1366px) 100vw, 1366px\" \/><\/p>\n","protected":false},"excerpt":{"rendered":"Oko\u0142o godziny 6.30 w miejscowo\u015bci Franklin\u00f3w dosz\u0142o do wypadku z udzia\u0142em paralotniarza. Oko\u0142o 45-letni m\u0119\u017cczyzna wykonuj\u0105c manewr zawracania uderzy\u0142 w lini\u0119 energetyczn\u0105. Po \n<a class=\"moretag\" href=\"https:\/\/ostrowskatv.pl\/?p=15048\"> [...]<\/a>","protected":false},"author":1,"featured_media":15051,"comment_status":"open","ping_status":"closed","sticky":false,"template":"","format":"standard","meta":{"footnotes":""},"categories":[1],"tags":[87],"class_list":["post-15048","post","type-post","status-publish","format-standard","has-post-thumbnail","hentry","category-news","tag-franklinow"],"_links":{"self":[{"href":"https:\/\/ostrowskatv.pl\/index.php?rest_route=\/wp\/v2\/posts\/15048","targetHints":{"allow":["GET"]}}],"collection":[{"href":"https:\/\/ostrowskatv.pl\/index.php?rest_route=\/wp\/v2\/posts"}],"about":[{"href":"https:\/\/ostrowskatv.pl\/index.php?rest_route=\/wp\/v2\/types\/post"}],"author":[{"embeddable":true,"href":"https:\/\/ostrowskatv.pl\/index.php?rest_route=\/wp\/v2\/users\/1"}],"replies":[{"embeddable":true,"href":"https:\/\/ostrowskatv.pl\/index.php?rest_route=%2Fwp%2Fv2%2Fcomments&post=15048"}],"version-history":[{"count":0,"href":"https:\/\/ostrowskatv.pl\/index.php?rest_route=\/wp\/v2\/posts\/15048\/revisions"}],"wp:featuredmedia":[{"embeddable":true,"href":"https:\/\/ostrowskatv.pl\/index.php?rest_route=\/wp\/v2\/media\/15051"}],"wp:attachment":[{"href":"https:\/\/ostrowskatv.pl\/index.php?rest_route=%2Fwp%2Fv2%2Fmedia&parent=15048"}],"wp:term":[{"taxonomy":"category","embeddable":true,"href":"https:\/\/ostrowskatv.pl\/index.php?rest_route=%2Fwp%2Fv2%2Fcategories&post=15048"},{"taxonomy":"post_tag","embeddable":true,"href":"https:\/\/ostrowskatv.pl\/index.php?rest_route=%2Fwp%2Fv2%2Ftags&post=15048"}],"curies":[{"name":"wp","href":"https:\/\/api.w.org\/{rel}","templated":true}]}}