{"id":15045,"date":"2021-05-22T19:18:03","date_gmt":"2021-05-22T18:18:03","guid":{"rendered":"http:\/\/ostrowska.tv\/?p=15045"},"modified":"2021-05-22T19:18:03","modified_gmt":"2021-05-22T18:18:03","slug":"bmw-i-mazda-kolizja-na-rondzie-bankowym","status":"publish","type":"post","link":"https:\/\/ostrowskatv.pl\/?p=15045","title":{"rendered":"BMW i Mazda &#8211; kolizja na Rondzie bankowym"},"content":{"rendered":"<p><strong>Spotkanie kierowc\u00f3w BMW i Mazdy zako\u0144czy\u0142o si\u0119 kolizj\u0105 na Rondzie Bankowym. Kierowca mazdy wjecha\u0142 na rondo od strony ulicy Wroc\u0142awskiej. Po objechaniu dooko\u0142a ronda wewn\u0119trznym pasem, zamierza\u0142 wyjecha\u0107 w ulic\u0119 Wroc\u0142awsk\u0105.<\/strong><\/p>\n<p>Nie zorientowa\u0142 si\u0119, \u017ce z ulicy G\u0142ogowskiej ruszy\u0142 kierowca BMW, kt\u00f3ry b\u0119d\u0105c na w\u0142a\u015bciwym pasie r\u00f3wnie\u017c wyje\u017cd\u017ca\u0142 w ulic\u0119 Wroc\u0142awsk\u0105. Przed przej\u015bciem dla pieszych dosz\u0142o do kolizji obu aut.<\/p>\n<p><iframe loading=\"lazy\" title=\"Kolizja na Rondzie Bankowym - BMW i Mazda\" width=\"747\" height=\"420\" src=\"https:\/\/www.youtube.com\/embed\/VziOhAwO_Gg?feature=oembed\" frameborder=\"0\" allow=\"accelerometer; autoplay; clipboard-write; encrypted-media; gyroscope; picture-in-picture; web-share\" referrerpolicy=\"strict-origin-when-cross-origin\" allowfullscreen><\/iframe><\/p>\n","protected":false},"excerpt":{"rendered":"Spotkanie kierowc\u00f3w BMW i Mazdy zako\u0144czy\u0142o si\u0119 kolizj\u0105 na Rondzie Bankowym. Kierowca mazdy wjecha\u0142 na rondo od strony ulicy Wroc\u0142awskiej. Po objechaniu dooko\u0142a \n<a class=\"moretag\" href=\"https:\/\/ostrowskatv.pl\/?p=15045\"> [...]<\/a>","protected":false},"author":1,"featured_media":15046,"comment_status":"open","ping_status":"closed","sticky":false,"template":"","format":"standard","meta":{"footnotes":""},"categories":[1],"tags":[48],"class_list":["post-15045","post","type-post","status-publish","format-standard","has-post-thumbnail","hentry","category-news","tag-kolizja"],"_links":{"self":[{"href":"https:\/\/ostrowskatv.pl\/index.php?rest_route=\/wp\/v2\/posts\/15045","targetHints":{"allow":["GET"]}}],"collection":[{"href":"https:\/\/ostrowskatv.pl\/index.php?rest_route=\/wp\/v2\/posts"}],"about":[{"href":"https:\/\/ostrowskatv.pl\/index.php?rest_route=\/wp\/v2\/types\/post"}],"author":[{"embeddable":true,"href":"https:\/\/ostrowskatv.pl\/index.php?rest_route=\/wp\/v2\/users\/1"}],"replies":[{"embeddable":true,"href":"https:\/\/ostrowskatv.pl\/index.php?rest_route=%2Fwp%2Fv2%2Fcomments&post=15045"}],"version-history":[{"count":0,"href":"https:\/\/ostrowskatv.pl\/index.php?rest_route=\/wp\/v2\/posts\/15045\/revisions"}],"wp:featuredmedia":[{"embeddable":true,"href":"https:\/\/ostrowskatv.pl\/index.php?rest_route=\/wp\/v2\/media\/15046"}],"wp:attachment":[{"href":"https:\/\/ostrowskatv.pl\/index.php?rest_route=%2Fwp%2Fv2%2Fmedia&parent=15045"}],"wp:term":[{"taxonomy":"category","embeddable":true,"href":"https:\/\/ostrowskatv.pl\/index.php?rest_route=%2Fwp%2Fv2%2Fcategories&post=15045"},{"taxonomy":"post_tag","embeddable":true,"href":"https:\/\/ostrowskatv.pl\/index.php?rest_route=%2Fwp%2Fv2%2Ftags&post=15045"}],"curies":[{"name":"wp","href":"https:\/\/api.w.org\/{rel}","templated":true}]}}