{"id":15043,"date":"2021-05-22T14:55:00","date_gmt":"2021-05-22T13:55:00","guid":{"rendered":"http:\/\/ostrowska.tv\/?p=15043"},"modified":"2021-05-22T14:55:00","modified_gmt":"2021-05-22T13:55:00","slug":"mocne-nagranie-z-potracenia-na-targowisku","status":"publish","type":"post","link":"https:\/\/ostrowskatv.pl\/?p=15043","title":{"rendered":"MOCNE nagranie z potr\u0105cenia na targowisku"},"content":{"rendered":"<p><strong>Na targowisku przy ulicy Witosa dosz\u0142o do powa\u017cnie wygl\u0105daj\u0105cego potr\u0105cenia. O godz. 11.43 m\u0119\u017cczyzna w s\u0119dziwym wieku wchodzi\u0142 na teren targowiska od strony ulicy Witosa. Zewn\u0119trzn\u0105 drog\u0105 wzd\u0142u\u017c kiosk\u00f3w targowych jecha\u0142 70-letni kierowca. <\/strong><\/p>\n<p>Pieszy w ostatniej chwili dostrzeg\u0142 zbli\u017caj\u0105c\u0105 si\u0119 skod\u0119. Zamiast si\u0119 zatrzyma\u0107, postanowi\u0142 spr\u00f3bowa\u0107 zd\u0105\u017cy\u0107 przej\u015b\u0107 przed autem. W rzeczywisto\u015bci wbieg\u0142 prosto przed mask\u0119 osob\u00f3wki, co zako\u0144czy\u0142o si\u0119 do\u015b\u0107 spektakularnym potr\u0105ceniem. M\u0119\u017cczyzn\u0119 podrzuci\u0142o i upad\u0142 z drugiej strony auta, gubi\u0105c po drodze buta.<\/p>\n<p>M\u0119\u017cczyzna by\u0142 przytomny, ale wymaga\u0142 pomocy medycznej. Ratownicy z karetki przetransportowali m\u0119\u017cczyzn\u0119 do szpitala. Tam obra\u017cenia nie zagra\u017ca\u0142y jego \u017cyciu. Policjanci po przeanalizowaniu nagrania z monitoringu uznali win\u0119 pieszego. Za spowodowanie kolizji zosta\u0142 pouczony.<\/p>\n<p><iframe loading=\"lazy\" title=\"Potr\u0105cenie na targowisku przy Witosa\" width=\"747\" height=\"420\" src=\"https:\/\/www.youtube.com\/embed\/xNM3h0VVD24?feature=oembed\" frameborder=\"0\" allow=\"accelerometer; autoplay; clipboard-write; encrypted-media; gyroscope; picture-in-picture; web-share\" referrerpolicy=\"strict-origin-when-cross-origin\" allowfullscreen><\/iframe><\/p>\n<p><img loading=\"lazy\" decoding=\"async\" class=\"alignnone size-full wp-image-15041\" src=\"http:\/\/ostrowska.tv\/wp-content\/uploads\/2021\/05\/IMG_20210522_115705-02.jpeg\" alt=\"\" width=\"1366\" height=\"823\" srcset=\"https:\/\/ostrowskatv.pl\/wp-content\/uploads\/2021\/05\/IMG_20210522_115705-02.jpeg 1366w, https:\/\/ostrowskatv.pl\/wp-content\/uploads\/2021\/05\/IMG_20210522_115705-02-300x181.jpeg 300w, https:\/\/ostrowskatv.pl\/wp-content\/uploads\/2021\/05\/IMG_20210522_115705-02-598x360.jpeg 598w\" sizes=\"auto, (max-width: 1366px) 100vw, 1366px\" \/><\/p>\n","protected":false},"excerpt":{"rendered":"Na targowisku przy ulicy Witosa dosz\u0142o do powa\u017cnie wygl\u0105daj\u0105cego potr\u0105cenia. O godz. 11.43 m\u0119\u017cczyzna w s\u0119dziwym wieku wchodzi\u0142 na teren targowiska od strony \n<a class=\"moretag\" href=\"https:\/\/ostrowskatv.pl\/?p=15043\"> [...]<\/a>","protected":false},"author":1,"featured_media":15042,"comment_status":"open","ping_status":"closed","sticky":false,"template":"","format":"standard","meta":{"footnotes":""},"categories":[1],"tags":[2],"class_list":["post-15043","post","type-post","status-publish","format-standard","has-post-thumbnail","hentry","category-news","tag-ostrow-wielkopolski"],"_links":{"self":[{"href":"https:\/\/ostrowskatv.pl\/index.php?rest_route=\/wp\/v2\/posts\/15043","targetHints":{"allow":["GET"]}}],"collection":[{"href":"https:\/\/ostrowskatv.pl\/index.php?rest_route=\/wp\/v2\/posts"}],"about":[{"href":"https:\/\/ostrowskatv.pl\/index.php?rest_route=\/wp\/v2\/types\/post"}],"author":[{"embeddable":true,"href":"https:\/\/ostrowskatv.pl\/index.php?rest_route=\/wp\/v2\/users\/1"}],"replies":[{"embeddable":true,"href":"https:\/\/ostrowskatv.pl\/index.php?rest_route=%2Fwp%2Fv2%2Fcomments&post=15043"}],"version-history":[{"count":0,"href":"https:\/\/ostrowskatv.pl\/index.php?rest_route=\/wp\/v2\/posts\/15043\/revisions"}],"wp:featuredmedia":[{"embeddable":true,"href":"https:\/\/ostrowskatv.pl\/index.php?rest_route=\/wp\/v2\/media\/15042"}],"wp:attachment":[{"href":"https:\/\/ostrowskatv.pl\/index.php?rest_route=%2Fwp%2Fv2%2Fmedia&parent=15043"}],"wp:term":[{"taxonomy":"category","embeddable":true,"href":"https:\/\/ostrowskatv.pl\/index.php?rest_route=%2Fwp%2Fv2%2Fcategories&post=15043"},{"taxonomy":"post_tag","embeddable":true,"href":"https:\/\/ostrowskatv.pl\/index.php?rest_route=%2Fwp%2Fv2%2Ftags&post=15043"}],"curies":[{"name":"wp","href":"https:\/\/api.w.org\/{rel}","templated":true}]}}