{"id":1504,"date":"2016-05-31T18:18:58","date_gmt":"2016-05-31T17:18:58","guid":{"rendered":"http:\/\/ostrowska.tv\/?p=1504"},"modified":"2016-05-31T18:18:58","modified_gmt":"2016-05-31T17:18:58","slug":"cegla-wybil-okno-w-urzedzie-nagrala-go-kamera","status":"publish","type":"post","link":"https:\/\/ostrowskatv.pl\/?p=1504","title":{"rendered":"Ceg\u0142\u0105 wybi\u0142 okno w urz\u0119dzie. Nagra\u0142a go kamera"},"content":{"rendered":"<p><strong>W nocy ze \u015brody na czwartek (przed Bo\u017cym Cia\u0142em), nieznany jeszcze sprawca wybi\u0142 szyb\u0119 w Urz\u0119dzie Gminy w Ostrowie Wlkp. O godzinie 5:45 kamery zamontowane na elewacji urz\u0119du zarejestrowa\u0142y m\u0119\u017cczyzn\u0119 w jaskrawo niebieskiej kurtce, ciemnych spodniach i bia\u0142ych butach. M\u0119\u017cczyzna najpewniej mia\u0142 \u015bwiadomo\u015b\u0107 obecno\u015bci kamer, dlatego mia\u0142 za\u0142o\u017cony kaptur na g\u0142ow\u0119. Czyn sprawcy wandalizmu wygl\u0105da jakby chcia\u0142 si\u0119 zem\u015bci\u0107 na urz\u0119dzie za jak\u0105\u015b decyzj\u0119 lub na konkretnej osobie w nim pracuj\u0105cej. Bowiem po wybiciu szyby m\u00f3g\u0142 ukra\u015b\u0107 monitor lub dokona\u0107 innych czyn\u00f3w, a ten si\u0119 tylko oddali\u0142.<\/strong><\/p>\n<p>Zapraszamy do obejrzenia wideo, mo\u017ce przyjdzie Pa\u0144stwu do g\u0142owy kto m\u00f3g\u0142 to zrobi\u0107. Informacje prosz\u0119 przekaza\u0107 bezpo\u015brednio na policji lub anonimowo w komentarzu.<\/p>\n<p><iframe loading=\"lazy\" src=\"https:\/\/www.youtube.com\/embed\/dPS_KH3j73c\" width=\"640\" height=\"480\" frameborder=\"0\" allowfullscreen=\"allowfullscreen\"><\/iframe><\/p>\n<div id='gallery-1' class='gallery galleryid-1504 gallery-columns-3 gallery-size-thumbnail'><figure class='gallery-item'>\n\t\t\t<div class='gallery-icon landscape'>\n\t\t\t\t<a href='https:\/\/ostrowskatv.pl\/?attachment_id=1506'><img loading=\"lazy\" decoding=\"async\" width=\"150\" height=\"150\" src=\"https:\/\/ostrowskatv.pl\/wp-content\/uploads\/2016\/05\/IMG_20160526_123241-150x150.jpg\" class=\"attachment-thumbnail size-thumbnail\" alt=\"\" \/><\/a>\n\t\t\t<\/div><\/figure><figure class='gallery-item'>\n\t\t\t<div class='gallery-icon portrait'>\n\t\t\t\t<a href='https:\/\/ostrowskatv.pl\/?attachment_id=1507'><img loading=\"lazy\" decoding=\"async\" width=\"150\" height=\"150\" src=\"https:\/\/ostrowskatv.pl\/wp-content\/uploads\/2016\/05\/IMG_20160526_124342-150x150.jpg\" class=\"attachment-thumbnail size-thumbnail\" alt=\"\" \/><\/a>\n\t\t\t<\/div><\/figure><figure class='gallery-item'>\n\t\t\t<div class='gallery-icon portrait'>\n\t\t\t\t<a href='https:\/\/ostrowskatv.pl\/?attachment_id=1508'><img loading=\"lazy\" decoding=\"async\" width=\"150\" height=\"150\" src=\"https:\/\/ostrowskatv.pl\/wp-content\/uploads\/2016\/05\/IMG_20160526_124401-150x150.jpg\" class=\"attachment-thumbnail size-thumbnail\" alt=\"\" \/><\/a>\n\t\t\t<\/div><\/figure>\n\t\t<\/div>\n\n","protected":false},"excerpt":{"rendered":"W nocy ze \u015brody na czwartek (przed Bo\u017cym Cia\u0142em), nieznany jeszcze sprawca wybi\u0142 szyb\u0119 w Urz\u0119dzie Gminy w Ostrowie Wlkp. O godzinie 5:45 \n<a class=\"moretag\" href=\"https:\/\/ostrowskatv.pl\/?p=1504\"> [...]<\/a>","protected":false},"author":1,"featured_media":1505,"comment_status":"open","ping_status":"open","sticky":false,"template":"","format":"standard","meta":{"footnotes":""},"categories":[1],"tags":[2],"class_list":["post-1504","post","type-post","status-publish","format-standard","has-post-thumbnail","hentry","category-news","tag-ostrow-wielkopolski"],"_links":{"self":[{"href":"https:\/\/ostrowskatv.pl\/index.php?rest_route=\/wp\/v2\/posts\/1504","targetHints":{"allow":["GET"]}}],"collection":[{"href":"https:\/\/ostrowskatv.pl\/index.php?rest_route=\/wp\/v2\/posts"}],"about":[{"href":"https:\/\/ostrowskatv.pl\/index.php?rest_route=\/wp\/v2\/types\/post"}],"author":[{"embeddable":true,"href":"https:\/\/ostrowskatv.pl\/index.php?rest_route=\/wp\/v2\/users\/1"}],"replies":[{"embeddable":true,"href":"https:\/\/ostrowskatv.pl\/index.php?rest_route=%2Fwp%2Fv2%2Fcomments&post=1504"}],"version-history":[{"count":0,"href":"https:\/\/ostrowskatv.pl\/index.php?rest_route=\/wp\/v2\/posts\/1504\/revisions"}],"wp:featuredmedia":[{"embeddable":true,"href":"https:\/\/ostrowskatv.pl\/index.php?rest_route=\/wp\/v2\/media\/1505"}],"wp:attachment":[{"href":"https:\/\/ostrowskatv.pl\/index.php?rest_route=%2Fwp%2Fv2%2Fmedia&parent=1504"}],"wp:term":[{"taxonomy":"category","embeddable":true,"href":"https:\/\/ostrowskatv.pl\/index.php?rest_route=%2Fwp%2Fv2%2Fcategories&post=1504"},{"taxonomy":"post_tag","embeddable":true,"href":"https:\/\/ostrowskatv.pl\/index.php?rest_route=%2Fwp%2Fv2%2Ftags&post=1504"}],"curies":[{"name":"wp","href":"https:\/\/api.w.org\/{rel}","templated":true}]}}