{"id":15036,"date":"2021-05-21T14:56:13","date_gmt":"2021-05-21T13:56:13","guid":{"rendered":"http:\/\/ostrowska.tv\/?p=15036"},"modified":"2021-05-21T14:56:13","modified_gmt":"2021-05-21T13:56:13","slug":"poscig-zakonczony-wypadkiem","status":"publish","type":"post","link":"https:\/\/ostrowskatv.pl\/?p=15036","title":{"rendered":"Po\u015bcig zako\u0144czony wypadkiem!"},"content":{"rendered":"<p>Peugeot z impetem uderzy\u0142 w drzewo, a radiow\u00f3z ma lekko uszkodzony prz\u00f3d. To fina\u0142 po\u015bcigu, kt\u00f3ry rozpocz\u0105\u0142 si\u0119 jeszcze przed Skalmierzycami.<\/p>\n<p>Kierowca peugeota nie reagowa\u0142 na sygna\u0142y \u015bwietlne i d\u017awi\u0119kowe dawane przez radiow\u00f3z. Po\u015bcig wjecha\u0142 na teren Skalmierzyc. Ostatecznie kierowca straci\u0142 panowanie nad autem i uderzy\u0142 w przydro\u017cne drzewo.<\/p>\n<p>Do jego uwolnienia potrzebne by\u0142o u\u017cycie sprz\u0119tu hydraulicznego. Dost\u0119p do poszkodowanego wykonali stra\u017cacy ze Skalmierzyc. Nast\u0119pnie do akcji do\u0142\u0105czyli stra\u017cacy z Ostrowa.<\/p>\n<p>M\u0119\u017cczyzn\u0119 przekazano za\u0142odze karetki pogotowia.<\/p>\n<p><img loading=\"lazy\" decoding=\"async\" src=\"http:\/\/ostrowska.tv\/wp-content\/uploads\/2021\/05\/IMG_20210521_154719-02.jpeg\" alt=\"\" width=\"1366\" height=\"760\" class=\"alignnone size-full wp-image-15037\" srcset=\"https:\/\/ostrowskatv.pl\/wp-content\/uploads\/2021\/05\/IMG_20210521_154719-02.jpeg 1366w, https:\/\/ostrowskatv.pl\/wp-content\/uploads\/2021\/05\/IMG_20210521_154719-02-300x167.jpeg 300w, https:\/\/ostrowskatv.pl\/wp-content\/uploads\/2021\/05\/IMG_20210521_154719-02-640x356.jpeg 640w\" sizes=\"auto, (max-width: 1366px) 100vw, 1366px\" \/><\/p>\n<p><img loading=\"lazy\" decoding=\"async\" src=\"http:\/\/ostrowska.tv\/wp-content\/uploads\/2021\/05\/IMG_20210521_154824-01.jpeg\" alt=\"\" width=\"1366\" height=\"855\" class=\"alignnone size-full wp-image-15038\" srcset=\"https:\/\/ostrowskatv.pl\/wp-content\/uploads\/2021\/05\/IMG_20210521_154824-01.jpeg 1366w, https:\/\/ostrowskatv.pl\/wp-content\/uploads\/2021\/05\/IMG_20210521_154824-01-300x188.jpeg 300w, https:\/\/ostrowskatv.pl\/wp-content\/uploads\/2021\/05\/IMG_20210521_154824-01-575x360.jpeg 575w\" sizes=\"auto, (max-width: 1366px) 100vw, 1366px\" \/><\/p>\n<p><img loading=\"lazy\" decoding=\"async\" src=\"http:\/\/ostrowska.tv\/wp-content\/uploads\/2021\/05\/IMG_20210521_154812-02.jpeg\" alt=\"\" width=\"1365\" height=\"768\" class=\"alignnone size-full wp-image-15039\" srcset=\"https:\/\/ostrowskatv.pl\/wp-content\/uploads\/2021\/05\/IMG_20210521_154812-02.jpeg 1365w, https:\/\/ostrowskatv.pl\/wp-content\/uploads\/2021\/05\/IMG_20210521_154812-02-300x169.jpeg 300w, https:\/\/ostrowskatv.pl\/wp-content\/uploads\/2021\/05\/IMG_20210521_154812-02-640x360.jpeg 640w\" sizes=\"auto, (max-width: 1365px) 100vw, 1365px\" \/><\/p>\n","protected":false},"excerpt":{"rendered":"Peugeot z impetem uderzy\u0142 w drzewo, a radiow\u00f3z ma lekko uszkodzony prz\u00f3d. To fina\u0142 po\u015bcigu, kt\u00f3ry rozpocz\u0105\u0142 si\u0119 jeszcze przed Skalmierzycami. Kierowca peugeota \n<a class=\"moretag\" href=\"https:\/\/ostrowskatv.pl\/?p=15036\"> [...]<\/a>","protected":false},"author":1,"featured_media":15037,"comment_status":"open","ping_status":"closed","sticky":false,"template":"","format":"standard","meta":{"footnotes":""},"categories":[1],"tags":[90],"class_list":["post-15036","post","type-post","status-publish","format-standard","has-post-thumbnail","hentry","category-news","tag-skalmierzyce"],"_links":{"self":[{"href":"https:\/\/ostrowskatv.pl\/index.php?rest_route=\/wp\/v2\/posts\/15036","targetHints":{"allow":["GET"]}}],"collection":[{"href":"https:\/\/ostrowskatv.pl\/index.php?rest_route=\/wp\/v2\/posts"}],"about":[{"href":"https:\/\/ostrowskatv.pl\/index.php?rest_route=\/wp\/v2\/types\/post"}],"author":[{"embeddable":true,"href":"https:\/\/ostrowskatv.pl\/index.php?rest_route=\/wp\/v2\/users\/1"}],"replies":[{"embeddable":true,"href":"https:\/\/ostrowskatv.pl\/index.php?rest_route=%2Fwp%2Fv2%2Fcomments&post=15036"}],"version-history":[{"count":0,"href":"https:\/\/ostrowskatv.pl\/index.php?rest_route=\/wp\/v2\/posts\/15036\/revisions"}],"wp:featuredmedia":[{"embeddable":true,"href":"https:\/\/ostrowskatv.pl\/index.php?rest_route=\/wp\/v2\/media\/15037"}],"wp:attachment":[{"href":"https:\/\/ostrowskatv.pl\/index.php?rest_route=%2Fwp%2Fv2%2Fmedia&parent=15036"}],"wp:term":[{"taxonomy":"category","embeddable":true,"href":"https:\/\/ostrowskatv.pl\/index.php?rest_route=%2Fwp%2Fv2%2Fcategories&post=15036"},{"taxonomy":"post_tag","embeddable":true,"href":"https:\/\/ostrowskatv.pl\/index.php?rest_route=%2Fwp%2Fv2%2Ftags&post=15036"}],"curies":[{"name":"wp","href":"https:\/\/api.w.org\/{rel}","templated":true}]}}