{"id":15013,"date":"2021-05-19T11:21:13","date_gmt":"2021-05-19T10:21:13","guid":{"rendered":"http:\/\/ostrowska.tv\/?p=15013"},"modified":"2021-05-19T11:21:13","modified_gmt":"2021-05-19T10:21:13","slug":"przecieli-rure-z-gazem","status":"publish","type":"post","link":"https:\/\/ostrowskatv.pl\/?p=15013","title":{"rendered":"Przeci\u0119li rur\u0119 z gazem"},"content":{"rendered":"<p><strong>W budynku przy ulicy Strzeleckiej, w pobli\u017cu skrzy\u017cowania z ulic\u0105 Jankowskiego, dosz\u0142o do niebezpiecznego incydentu. Podczas prac rozbi\u00f3rkowych przeci\u0119to rur\u0119, w kt\u00f3rej by\u0142 gaz pod ci\u015bnieniem.<\/strong><\/p>\n<p>Pracownicy mieli du\u017co szcz\u0119\u015bcia, bo podczas przecinania szlifierk\u0105 k\u0105tow\u0105 tworzy\u0142o si\u0119 wiele iskier. M\u0119\u017cczy\u017ani powiadomili s\u0142u\u017cby i ewakuowali si\u0119 na zewn\u0105trz.<\/p>\n<p>Osoba postronna zasugerowa\u0142a wy\u0142\u0105czenie bezpiecznik\u00f3w od pr\u0105du znajduj\u0105cych si\u0119 na elewacji budynku, minimalizuj\u0105c ryzyko wybuchu.<\/p>\n<p><img loading=\"lazy\" decoding=\"async\" class=\"alignnone size-full wp-image-15014\" src=\"http:\/\/ostrowska.tv\/wp-content\/uploads\/2021\/05\/IMG_20210519_121100-01.jpeg\" alt=\"\" width=\"1366\" height=\"689\" srcset=\"https:\/\/ostrowskatv.pl\/wp-content\/uploads\/2021\/05\/IMG_20210519_121100-01.jpeg 1366w, https:\/\/ostrowskatv.pl\/wp-content\/uploads\/2021\/05\/IMG_20210519_121100-01-300x151.jpeg 300w, https:\/\/ostrowskatv.pl\/wp-content\/uploads\/2021\/05\/IMG_20210519_121100-01-640x323.jpeg 640w\" sizes=\"auto, (max-width: 1366px) 100vw, 1366px\" \/> <img loading=\"lazy\" decoding=\"async\" class=\"alignnone size-full wp-image-15015\" src=\"http:\/\/ostrowska.tv\/wp-content\/uploads\/2021\/05\/IMG_20210519_121203-01.jpeg\" alt=\"\" width=\"1366\" height=\"1025\" srcset=\"https:\/\/ostrowskatv.pl\/wp-content\/uploads\/2021\/05\/IMG_20210519_121203-01.jpeg 1366w, https:\/\/ostrowskatv.pl\/wp-content\/uploads\/2021\/05\/IMG_20210519_121203-01-300x225.jpeg 300w, https:\/\/ostrowskatv.pl\/wp-content\/uploads\/2021\/05\/IMG_20210519_121203-01-480x360.jpeg 480w\" sizes=\"auto, (max-width: 1366px) 100vw, 1366px\" \/> <img loading=\"lazy\" decoding=\"async\" class=\"alignnone size-full wp-image-15016\" src=\"http:\/\/ostrowska.tv\/wp-content\/uploads\/2021\/05\/IMG_20210519_121510-01.jpeg\" alt=\"\" width=\"1366\" height=\"1025\" srcset=\"https:\/\/ostrowskatv.pl\/wp-content\/uploads\/2021\/05\/IMG_20210519_121510-01.jpeg 1366w, https:\/\/ostrowskatv.pl\/wp-content\/uploads\/2021\/05\/IMG_20210519_121510-01-300x225.jpeg 300w, https:\/\/ostrowskatv.pl\/wp-content\/uploads\/2021\/05\/IMG_20210519_121510-01-480x360.jpeg 480w\" sizes=\"auto, (max-width: 1366px) 100vw, 1366px\" \/><\/p>\n","protected":false},"excerpt":{"rendered":"W budynku przy ulicy Strzeleckiej, w pobli\u017cu skrzy\u017cowania z ulic\u0105 Jankowskiego, dosz\u0142o do niebezpiecznego incydentu. Podczas prac rozbi\u00f3rkowych przeci\u0119to rur\u0119, w kt\u00f3rej by\u0142 \n<a class=\"moretag\" href=\"https:\/\/ostrowskatv.pl\/?p=15013\"> [...]<\/a>","protected":false},"author":1,"featured_media":15014,"comment_status":"open","ping_status":"closed","sticky":false,"template":"","format":"standard","meta":{"footnotes":""},"categories":[1],"tags":[2],"class_list":["post-15013","post","type-post","status-publish","format-standard","has-post-thumbnail","hentry","category-news","tag-ostrow-wielkopolski"],"_links":{"self":[{"href":"https:\/\/ostrowskatv.pl\/index.php?rest_route=\/wp\/v2\/posts\/15013","targetHints":{"allow":["GET"]}}],"collection":[{"href":"https:\/\/ostrowskatv.pl\/index.php?rest_route=\/wp\/v2\/posts"}],"about":[{"href":"https:\/\/ostrowskatv.pl\/index.php?rest_route=\/wp\/v2\/types\/post"}],"author":[{"embeddable":true,"href":"https:\/\/ostrowskatv.pl\/index.php?rest_route=\/wp\/v2\/users\/1"}],"replies":[{"embeddable":true,"href":"https:\/\/ostrowskatv.pl\/index.php?rest_route=%2Fwp%2Fv2%2Fcomments&post=15013"}],"version-history":[{"count":0,"href":"https:\/\/ostrowskatv.pl\/index.php?rest_route=\/wp\/v2\/posts\/15013\/revisions"}],"wp:featuredmedia":[{"embeddable":true,"href":"https:\/\/ostrowskatv.pl\/index.php?rest_route=\/wp\/v2\/media\/15014"}],"wp:attachment":[{"href":"https:\/\/ostrowskatv.pl\/index.php?rest_route=%2Fwp%2Fv2%2Fmedia&parent=15013"}],"wp:term":[{"taxonomy":"category","embeddable":true,"href":"https:\/\/ostrowskatv.pl\/index.php?rest_route=%2Fwp%2Fv2%2Fcategories&post=15013"},{"taxonomy":"post_tag","embeddable":true,"href":"https:\/\/ostrowskatv.pl\/index.php?rest_route=%2Fwp%2Fv2%2Ftags&post=15013"}],"curies":[{"name":"wp","href":"https:\/\/api.w.org\/{rel}","templated":true}]}}