{"id":1501,"date":"2016-05-31T10:38:32","date_gmt":"2016-05-31T09:38:32","guid":{"rendered":"http:\/\/ostrowska.tv\/?p=1501"},"modified":"2016-05-31T10:38:32","modified_gmt":"2016-05-31T09:38:32","slug":"koniec-z-reliktem-przeszlosci-ogrody-dzialkowe-maja-nowa-nazwe","status":"publish","type":"post","link":"https:\/\/ostrowskatv.pl\/?p=1501","title":{"rendered":"Koniec z reliktem przesz\u0142o\u015bci. Ogrody dzia\u0142kowe maj\u0105 now\u0105 nazw\u0119!"},"content":{"rendered":"<p><strong>Rodzinny Ogr\u00f3d Dzia\u0142kowy im. 22 Lipca \u2013 ta nazwa to ju\u017c przesz\u0142o\u015b\u0107. Zarz\u0105d ogrodu dzia\u0142kowego podj\u0105\u0142 jeszcze jedn\u0105 pr\u00f3b\u0119 walki z reliktami przesz\u0142o\u015bci. Tym razem okaza\u0142a si\u0119 ona skuteczna.<\/strong><\/p>\n<p>Nazwa ostrowskiego Ogrodu Dzia\u0142kowego ju\u017c od dawna uchodzi\u0142a za relikt przesz\u0142o\u015bci. Do jej zmiany ju\u017c w 2007 roku d\u0105\u017cy\u0142 prezes zarz\u0105du ROD Lech Kinda. W tej sprawie odby\u0142o si\u0119 nawet referendum, ale nie zako\u0144czy\u0142o si\u0119 ono sukcesem. W rezultacie nazwa 22 lipca pozosta\u0142a.<\/p>\n<p>Zarz\u0105d Ogrodu Dzia\u0142kowego nie m\u00f3g\u0142 zmieni\u0107 nazwy sam, bo najwy\u017csz\u0105 w\u0142adz\u0105 jest Walne Zebranie. Inna sprawa, \u017ce od wspomnianego wcze\u015bniej referendum min\u0119\u0142o wiele lat, bo nikt tematem ju\u017c si\u0119 p\u00f3\u017aniej nie interesowa\u0142. Pomog\u0142a jednak interwencja naszej redakcji. We wrze\u015bniu ubieg\u0142ego roku zrealizowali\u015bmy materia\u0142: &#8222;Walka z reliktami przesz\u0142o\u015bci. Nazwa Ogrodu Dzia\u0142kowego do zmiany?&#8221; Ju\u017c wtedy prezes Kinda obieca\u0142, \u017ce podejmie jeszcze jedn\u0105 pr\u00f3b\u0119 zmiany nazwy ogrodu. S\u0142owa dotrzyma\u0142. Wraz z pocz\u0105tkiem maja 22 lipca odchodzi w niepami\u0119\u0107.<\/p>\n<p>Nowa, pe\u0142na nazwa ogrodu dzia\u0142kowego brzmi: &#8222;Rodzinny Ogr\u00f3d Dzia\u0142kowy <strong>Relaks<\/strong>&#8222;. Zosta\u0142a ona przyj\u0119ta praktycznie jednog\u0142o\u015bnie. Na tablicach przed ogrodem widnieje jeszcze wprawdzie 22 lipca, ale to ju\u017c tylko kwestia czasu. Lech Kinda zapewnia, \u017ce ju\u017c wkr\u00f3tce wsz\u0119dzie widoczna b\u0119dzie nowa nazwa. Jak oceniacie zmian\u0119? <strong>Zach\u0119camy do dyskusji w komentarzach<\/strong>.<\/p>\n","protected":false},"excerpt":{"rendered":"Rodzinny Ogr\u00f3d Dzia\u0142kowy im. 22 Lipca \u2013 ta nazwa to ju\u017c przesz\u0142o\u015b\u0107. Zarz\u0105d ogrodu dzia\u0142kowego podj\u0105\u0142 jeszcze jedn\u0105 pr\u00f3b\u0119 walki z reliktami przesz\u0142o\u015bci. \n<a class=\"moretag\" href=\"https:\/\/ostrowskatv.pl\/?p=1501\"> [...]<\/a>","protected":false},"author":1,"featured_media":1502,"comment_status":"open","ping_status":"open","sticky":false,"template":"","format":"standard","meta":{"footnotes":""},"categories":[1],"tags":[2],"class_list":["post-1501","post","type-post","status-publish","format-standard","has-post-thumbnail","hentry","category-news","tag-ostrow-wielkopolski"],"_links":{"self":[{"href":"https:\/\/ostrowskatv.pl\/index.php?rest_route=\/wp\/v2\/posts\/1501","targetHints":{"allow":["GET"]}}],"collection":[{"href":"https:\/\/ostrowskatv.pl\/index.php?rest_route=\/wp\/v2\/posts"}],"about":[{"href":"https:\/\/ostrowskatv.pl\/index.php?rest_route=\/wp\/v2\/types\/post"}],"author":[{"embeddable":true,"href":"https:\/\/ostrowskatv.pl\/index.php?rest_route=\/wp\/v2\/users\/1"}],"replies":[{"embeddable":true,"href":"https:\/\/ostrowskatv.pl\/index.php?rest_route=%2Fwp%2Fv2%2Fcomments&post=1501"}],"version-history":[{"count":0,"href":"https:\/\/ostrowskatv.pl\/index.php?rest_route=\/wp\/v2\/posts\/1501\/revisions"}],"wp:featuredmedia":[{"embeddable":true,"href":"https:\/\/ostrowskatv.pl\/index.php?rest_route=\/wp\/v2\/media\/1502"}],"wp:attachment":[{"href":"https:\/\/ostrowskatv.pl\/index.php?rest_route=%2Fwp%2Fv2%2Fmedia&parent=1501"}],"wp:term":[{"taxonomy":"category","embeddable":true,"href":"https:\/\/ostrowskatv.pl\/index.php?rest_route=%2Fwp%2Fv2%2Fcategories&post=1501"},{"taxonomy":"post_tag","embeddable":true,"href":"https:\/\/ostrowskatv.pl\/index.php?rest_route=%2Fwp%2Fv2%2Ftags&post=1501"}],"curies":[{"name":"wp","href":"https:\/\/api.w.org\/{rel}","templated":true}]}}