{"id":14987,"date":"2021-05-17T07:37:15","date_gmt":"2021-05-17T06:37:15","guid":{"rendered":"http:\/\/ostrowska.tv\/?p=14987"},"modified":"2021-05-17T07:37:15","modified_gmt":"2021-05-17T06:37:15","slug":"zniszczono-ostrowski-ratusz","status":"publish","type":"post","link":"https:\/\/ostrowskatv.pl\/?p=14987","title":{"rendered":"Zniszczono ostrowski ratusz"},"content":{"rendered":"<p><strong>W nocy z niedzieli na poniedzia\u0142ek zniszczono elewacj\u0119 ostrowskiego Ratusza. Kto\u015b obla\u0142 czerwon\u0105 farb\u0105 tablic\u0119 i wypisa\u0142 &#8222;1939-1989 &#8211; &gt; okupacja&#8221;. Pojawi\u0142 si\u0119 tak\u017ce krzy\u017c celtycki<\/strong>.<\/p>\n<p>Tablica zosta\u0142a powieszona z okazji upami\u0119tnienia: &#8222;w trzeci\u0105 rocznic\u0119 oswobodzenia miasta Ostrowa spod jarzma okupcji niemieckiej przez oddzia\u0142y armii czerwonej oraz dzi\u0119ki spontanicznemu wysi\u0142kowi miejscowej ludno\u015bci ku uczczeniu pami\u0119tnego dnia 23 stycznia 1945 r.&#8221;<\/p>\n<p><img loading=\"lazy\" decoding=\"async\" class=\"alignnone size-full wp-image-14988\" src=\"http:\/\/ostrowska.tv\/wp-content\/uploads\/2021\/05\/IMG_20210517_083037-01.jpeg\" alt=\"\" width=\"1366\" height=\"1025\" srcset=\"https:\/\/ostrowskatv.pl\/wp-content\/uploads\/2021\/05\/IMG_20210517_083037-01.jpeg 1366w, https:\/\/ostrowskatv.pl\/wp-content\/uploads\/2021\/05\/IMG_20210517_083037-01-300x225.jpeg 300w, https:\/\/ostrowskatv.pl\/wp-content\/uploads\/2021\/05\/IMG_20210517_083037-01-480x360.jpeg 480w\" sizes=\"auto, (max-width: 1366px) 100vw, 1366px\" \/> <img loading=\"lazy\" decoding=\"async\" class=\"alignnone size-full wp-image-14989\" src=\"http:\/\/ostrowska.tv\/wp-content\/uploads\/2021\/05\/IMG_20210517_083046-01.jpeg\" alt=\"\" width=\"1366\" height=\"1025\" srcset=\"https:\/\/ostrowskatv.pl\/wp-content\/uploads\/2021\/05\/IMG_20210517_083046-01.jpeg 1366w, https:\/\/ostrowskatv.pl\/wp-content\/uploads\/2021\/05\/IMG_20210517_083046-01-300x225.jpeg 300w, https:\/\/ostrowskatv.pl\/wp-content\/uploads\/2021\/05\/IMG_20210517_083046-01-480x360.jpeg 480w\" sizes=\"auto, (max-width: 1366px) 100vw, 1366px\" \/> <img loading=\"lazy\" decoding=\"async\" class=\"alignnone size-full wp-image-14990\" src=\"http:\/\/ostrowska.tv\/wp-content\/uploads\/2021\/05\/IMG_20210517_083053-01.jpeg\" alt=\"\" width=\"1366\" height=\"1025\" srcset=\"https:\/\/ostrowskatv.pl\/wp-content\/uploads\/2021\/05\/IMG_20210517_083053-01.jpeg 1366w, https:\/\/ostrowskatv.pl\/wp-content\/uploads\/2021\/05\/IMG_20210517_083053-01-300x225.jpeg 300w, https:\/\/ostrowskatv.pl\/wp-content\/uploads\/2021\/05\/IMG_20210517_083053-01-480x360.jpeg 480w\" sizes=\"auto, (max-width: 1366px) 100vw, 1366px\" \/> <img loading=\"lazy\" decoding=\"async\" class=\"alignnone size-full wp-image-14991\" src=\"http:\/\/ostrowska.tv\/wp-content\/uploads\/2021\/05\/IMG_20210517_083115-01.jpeg\" alt=\"\" width=\"1366\" height=\"1025\" srcset=\"https:\/\/ostrowskatv.pl\/wp-content\/uploads\/2021\/05\/IMG_20210517_083115-01.jpeg 1366w, https:\/\/ostrowskatv.pl\/wp-content\/uploads\/2021\/05\/IMG_20210517_083115-01-300x225.jpeg 300w, https:\/\/ostrowskatv.pl\/wp-content\/uploads\/2021\/05\/IMG_20210517_083115-01-480x360.jpeg 480w\" sizes=\"auto, (max-width: 1366px) 100vw, 1366px\" \/><\/p>\n","protected":false},"excerpt":{"rendered":"W nocy z niedzieli na poniedzia\u0142ek zniszczono elewacj\u0119 ostrowskiego Ratusza. Kto\u015b obla\u0142 czerwon\u0105 farb\u0105 tablic\u0119 i wypisa\u0142 &#8222;1939-1989 &#8211; &gt; okupacja&#8221;. Pojawi\u0142 si\u0119 \n<a class=\"moretag\" href=\"https:\/\/ostrowskatv.pl\/?p=14987\"> [...]<\/a>","protected":false},"author":1,"featured_media":14989,"comment_status":"open","ping_status":"closed","sticky":false,"template":"","format":"standard","meta":{"footnotes":""},"categories":[1],"tags":[2],"class_list":["post-14987","post","type-post","status-publish","format-standard","has-post-thumbnail","hentry","category-news","tag-ostrow-wielkopolski"],"_links":{"self":[{"href":"https:\/\/ostrowskatv.pl\/index.php?rest_route=\/wp\/v2\/posts\/14987","targetHints":{"allow":["GET"]}}],"collection":[{"href":"https:\/\/ostrowskatv.pl\/index.php?rest_route=\/wp\/v2\/posts"}],"about":[{"href":"https:\/\/ostrowskatv.pl\/index.php?rest_route=\/wp\/v2\/types\/post"}],"author":[{"embeddable":true,"href":"https:\/\/ostrowskatv.pl\/index.php?rest_route=\/wp\/v2\/users\/1"}],"replies":[{"embeddable":true,"href":"https:\/\/ostrowskatv.pl\/index.php?rest_route=%2Fwp%2Fv2%2Fcomments&post=14987"}],"version-history":[{"count":0,"href":"https:\/\/ostrowskatv.pl\/index.php?rest_route=\/wp\/v2\/posts\/14987\/revisions"}],"wp:featuredmedia":[{"embeddable":true,"href":"https:\/\/ostrowskatv.pl\/index.php?rest_route=\/wp\/v2\/media\/14989"}],"wp:attachment":[{"href":"https:\/\/ostrowskatv.pl\/index.php?rest_route=%2Fwp%2Fv2%2Fmedia&parent=14987"}],"wp:term":[{"taxonomy":"category","embeddable":true,"href":"https:\/\/ostrowskatv.pl\/index.php?rest_route=%2Fwp%2Fv2%2Fcategories&post=14987"},{"taxonomy":"post_tag","embeddable":true,"href":"https:\/\/ostrowskatv.pl\/index.php?rest_route=%2Fwp%2Fv2%2Ftags&post=14987"}],"curies":[{"name":"wp","href":"https:\/\/api.w.org\/{rel}","templated":true}]}}