{"id":14957,"date":"2021-05-13T20:42:05","date_gmt":"2021-05-13T19:42:05","guid":{"rendered":"http:\/\/ostrowska.tv\/?p=14957"},"modified":"2021-05-14T05:58:09","modified_gmt":"2021-05-14T04:58:09","slug":"smiertelnie-porazil-go-prad","status":"publish","type":"post","link":"https:\/\/ostrowskatv.pl\/?p=14957","title":{"rendered":"\u015amiertelnie porazi\u0142 go pr\u0105d"},"content":{"rendered":"<p><strong>63-letni m\u0119\u017cczyzna zasypywa\u0142 gruzem wcze\u015bniej wykopany r\u00f3w. Podczas pracy zosta\u0142 \u015bmiertelnie pora\u017cony pr\u0105dem.<\/strong><\/p>\n<p>Stra\u017cacy po przyje\u017adzie na miejsce od\u0142\u0105czyli pr\u0105d od posesji, a nast\u0119pnie wyci\u0105gn\u0119li z rowu poszkodowanego. Przyby\u0142y na miejsce lekarz wykluczy\u0142 udzia\u0142 os\u00f3b trzecich. <\/p>\n<p>Do tragedii dosz\u0142o na terenie prywatnej posesji oko\u0142o godziny 14 w miejscowo\u015bci Kowalew k. Pleszewa. Trwa \u015bledztwo wyja\u015bniaj\u0105ce okoliczno\u015bci zdarzenia.<\/p>\n","protected":false},"excerpt":{"rendered":"63-letni m\u0119\u017cczyzna zasypywa\u0142 gruzem wcze\u015bniej wykopany r\u00f3w. Podczas pracy zosta\u0142 \u015bmiertelnie pora\u017cony pr\u0105dem. Stra\u017cacy po przyje\u017adzie na miejsce od\u0142\u0105czyli pr\u0105d od posesji, a \n<a class=\"moretag\" href=\"https:\/\/ostrowskatv.pl\/?p=14957\"> [...]<\/a>","protected":false},"author":1,"featured_media":10493,"comment_status":"open","ping_status":"closed","sticky":false,"template":"","format":"standard","meta":{"footnotes":""},"categories":[1],"tags":[12],"class_list":["post-14957","post","type-post","status-publish","format-standard","has-post-thumbnail","hentry","category-news","tag-smierc"],"_links":{"self":[{"href":"https:\/\/ostrowskatv.pl\/index.php?rest_route=\/wp\/v2\/posts\/14957","targetHints":{"allow":["GET"]}}],"collection":[{"href":"https:\/\/ostrowskatv.pl\/index.php?rest_route=\/wp\/v2\/posts"}],"about":[{"href":"https:\/\/ostrowskatv.pl\/index.php?rest_route=\/wp\/v2\/types\/post"}],"author":[{"embeddable":true,"href":"https:\/\/ostrowskatv.pl\/index.php?rest_route=\/wp\/v2\/users\/1"}],"replies":[{"embeddable":true,"href":"https:\/\/ostrowskatv.pl\/index.php?rest_route=%2Fwp%2Fv2%2Fcomments&post=14957"}],"version-history":[{"count":0,"href":"https:\/\/ostrowskatv.pl\/index.php?rest_route=\/wp\/v2\/posts\/14957\/revisions"}],"wp:featuredmedia":[{"embeddable":true,"href":"https:\/\/ostrowskatv.pl\/index.php?rest_route=\/wp\/v2\/media\/10493"}],"wp:attachment":[{"href":"https:\/\/ostrowskatv.pl\/index.php?rest_route=%2Fwp%2Fv2%2Fmedia&parent=14957"}],"wp:term":[{"taxonomy":"category","embeddable":true,"href":"https:\/\/ostrowskatv.pl\/index.php?rest_route=%2Fwp%2Fv2%2Fcategories&post=14957"},{"taxonomy":"post_tag","embeddable":true,"href":"https:\/\/ostrowskatv.pl\/index.php?rest_route=%2Fwp%2Fv2%2Ftags&post=14957"}],"curies":[{"name":"wp","href":"https:\/\/api.w.org\/{rel}","templated":true}]}}