{"id":1492,"date":"2016-05-29T22:31:09","date_gmt":"2016-05-29T21:31:09","guid":{"rendered":"http:\/\/ostrowska.tv\/?p=1492"},"modified":"2016-05-29T22:31:48","modified_gmt":"2016-05-29T21:31:48","slug":"rodzice-wojtusia-prosza-o-modlitwe","status":"publish","type":"post","link":"https:\/\/ostrowskatv.pl\/?p=1492","title":{"rendered":"Rodzice Wojtusia prosz\u0105 o modlitw\u0119"},"content":{"rendered":"<p><strong>Jak uda\u0142o nam si\u0119 ustali\u0107, Wojtu\u015b trafi\u0142 dzi\u015b w godzinach popo\u0142udniowych do ostrowskiego szpitala na dzieci\u0119cy OIOM, sk\u0105d przekazano go do wroc\u0142awskiego szpitala.<\/strong><\/p>\n","protected":false},"excerpt":{"rendered":"Jak uda\u0142o nam si\u0119 ustali\u0107, Wojtu\u015b trafi\u0142 dzi\u015b w godzinach popo\u0142udniowych do ostrowskiego szpitala na dzieci\u0119cy OIOM, sk\u0105d przekazano go do wroc\u0142awskiego szpitala.\n<a class=\"moretag\" href=\"https:\/\/ostrowskatv.pl\/?p=1492\"> [...]<\/a>","protected":false},"author":1,"featured_media":1493,"comment_status":"open","ping_status":"open","sticky":false,"template":"","format":"standard","meta":{"footnotes":""},"categories":[1],"tags":[2],"class_list":["post-1492","post","type-post","status-publish","format-standard","has-post-thumbnail","hentry","category-news","tag-ostrow-wielkopolski"],"_links":{"self":[{"href":"https:\/\/ostrowskatv.pl\/index.php?rest_route=\/wp\/v2\/posts\/1492","targetHints":{"allow":["GET"]}}],"collection":[{"href":"https:\/\/ostrowskatv.pl\/index.php?rest_route=\/wp\/v2\/posts"}],"about":[{"href":"https:\/\/ostrowskatv.pl\/index.php?rest_route=\/wp\/v2\/types\/post"}],"author":[{"embeddable":true,"href":"https:\/\/ostrowskatv.pl\/index.php?rest_route=\/wp\/v2\/users\/1"}],"replies":[{"embeddable":true,"href":"https:\/\/ostrowskatv.pl\/index.php?rest_route=%2Fwp%2Fv2%2Fcomments&post=1492"}],"version-history":[{"count":0,"href":"https:\/\/ostrowskatv.pl\/index.php?rest_route=\/wp\/v2\/posts\/1492\/revisions"}],"wp:featuredmedia":[{"embeddable":true,"href":"https:\/\/ostrowskatv.pl\/index.php?rest_route=\/wp\/v2\/media\/1493"}],"wp:attachment":[{"href":"https:\/\/ostrowskatv.pl\/index.php?rest_route=%2Fwp%2Fv2%2Fmedia&parent=1492"}],"wp:term":[{"taxonomy":"category","embeddable":true,"href":"https:\/\/ostrowskatv.pl\/index.php?rest_route=%2Fwp%2Fv2%2Fcategories&post=1492"},{"taxonomy":"post_tag","embeddable":true,"href":"https:\/\/ostrowskatv.pl\/index.php?rest_route=%2Fwp%2Fv2%2Ftags&post=1492"}],"curies":[{"name":"wp","href":"https:\/\/api.w.org\/{rel}","templated":true}]}}