{"id":1486,"date":"2016-05-29T10:51:43","date_gmt":"2016-05-29T09:51:43","guid":{"rendered":"http:\/\/ostrowska.tv\/?p=1486"},"modified":"2016-05-29T11:54:32","modified_gmt":"2016-05-29T10:54:32","slug":"kolizja-siewna-brzozowa-bmw-skasowane","status":"publish","type":"post","link":"https:\/\/ostrowskatv.pl\/?p=1486","title":{"rendered":"Kolizja Siewna-Brzozowa. BMW skasowane"},"content":{"rendered":"<p><strong>W sobot\u0119 oko\u0142o godz. 13:00 dosz\u0142o do kolizji dw\u00f3ch aut na skrzy\u017cowaniu ulic Siewna\/Brzozowa\/Staroprzygodzka w Ostrowie Wlkp. Kierowca BMW w dojrza\u0142ym wieku jecha\u0142 ulic\u0105 Brzozow\u0105 od strony ul. Wroc\u0142awskiej. Dojecha\u0142 do linii skrzy\u017cowania, wje\u017cd\u017caj\u0105c za sygnalizator na zielonym \u015bwietle. Nie wjecha\u0142 jednak na samo skrzy\u017cowanie, gdy\u017c pozwoli\u0142 wykonanie manewru skr\u0119tu w lewo przez auto jad\u0105ce z przeciwka. Gdy to opu\u015bci\u0142o ju\u017c skrzy\u017cowanie, kierowca BMW nie dostrzeg\u0142, \u017ce ulic\u0105 Staroprzygodzk\u0105 jedzie samoch\u00f3d dostawczy Volkswagen LT, kt\u00f3remu zd\u0105\u017cy\u0142o si\u0119 zmieni\u0107 \u015bwiat\u0142o na zielone. <\/strong><\/p>\n<p>Mo\u017cna by pocz\u0105tkowo twierdzi\u0107, \u017ce BMW mia\u0142o prawo opu\u015bci\u0107 skrzy\u017cowanie, jednak by\u0142oby to mo\u017cliwe, gdyby jego kierowca dojecha\u0142 do \u015brodka skrzy\u017cowania, a nie linii widocznej na drugim zdj\u0119ciu. W tej sytuacji to w\u0142a\u015bnie kierowca BMW okaza\u0142 si\u0119 winnym spowodowania kolizji. Na jego szcz\u0119\u015bcie, posiada\u0142 autocasco i straty pokryje ubezpieczalnia.<\/p>\n<div id='gallery-1' class='gallery galleryid-1486 gallery-columns-3 gallery-size-thumbnail'><figure class='gallery-item'>\n\t\t\t<div class='gallery-icon landscape'>\n\t\t\t\t<a href='https:\/\/ostrowskatv.pl\/?attachment_id=1488'><img loading=\"lazy\" decoding=\"async\" width=\"150\" height=\"150\" src=\"https:\/\/ostrowskatv.pl\/wp-content\/uploads\/2016\/05\/kolizja-siewna-1-150x150.jpg\" class=\"attachment-thumbnail size-thumbnail\" alt=\"\" \/><\/a>\n\t\t\t<\/div><\/figure><figure class='gallery-item'>\n\t\t\t<div class='gallery-icon landscape'>\n\t\t\t\t<a href='https:\/\/ostrowskatv.pl\/?attachment_id=1487'><img loading=\"lazy\" decoding=\"async\" width=\"150\" height=\"150\" src=\"https:\/\/ostrowskatv.pl\/wp-content\/uploads\/2016\/05\/kolizja-siewna-2-150x150.jpg\" class=\"attachment-thumbnail size-thumbnail\" alt=\"\" \/><\/a>\n\t\t\t<\/div><\/figure><figure class='gallery-item'>\n\t\t\t<div class='gallery-icon landscape'>\n\t\t\t\t<a href='https:\/\/ostrowskatv.pl\/?attachment_id=1489'><img loading=\"lazy\" decoding=\"async\" width=\"150\" height=\"150\" src=\"https:\/\/ostrowskatv.pl\/wp-content\/uploads\/2016\/05\/kolizja-siewna-3-150x150.jpg\" class=\"attachment-thumbnail size-thumbnail\" alt=\"\" \/><\/a>\n\t\t\t<\/div><\/figure>\n\t\t<\/div>\n\n","protected":false},"excerpt":{"rendered":"W sobot\u0119 oko\u0142o godz. 13:00 dosz\u0142o do kolizji dw\u00f3ch aut na skrzy\u017cowaniu ulic Siewna\/Brzozowa\/Staroprzygodzka w Ostrowie Wlkp. Kierowca BMW w dojrza\u0142ym wieku jecha\u0142 \n<a class=\"moretag\" href=\"https:\/\/ostrowskatv.pl\/?p=1486\"> [...]<\/a>","protected":false},"author":1,"featured_media":1488,"comment_status":"open","ping_status":"open","sticky":false,"template":"","format":"standard","meta":{"footnotes":""},"categories":[1],"tags":[2],"class_list":["post-1486","post","type-post","status-publish","format-standard","has-post-thumbnail","hentry","category-news","tag-ostrow-wielkopolski"],"_links":{"self":[{"href":"https:\/\/ostrowskatv.pl\/index.php?rest_route=\/wp\/v2\/posts\/1486","targetHints":{"allow":["GET"]}}],"collection":[{"href":"https:\/\/ostrowskatv.pl\/index.php?rest_route=\/wp\/v2\/posts"}],"about":[{"href":"https:\/\/ostrowskatv.pl\/index.php?rest_route=\/wp\/v2\/types\/post"}],"author":[{"embeddable":true,"href":"https:\/\/ostrowskatv.pl\/index.php?rest_route=\/wp\/v2\/users\/1"}],"replies":[{"embeddable":true,"href":"https:\/\/ostrowskatv.pl\/index.php?rest_route=%2Fwp%2Fv2%2Fcomments&post=1486"}],"version-history":[{"count":0,"href":"https:\/\/ostrowskatv.pl\/index.php?rest_route=\/wp\/v2\/posts\/1486\/revisions"}],"wp:featuredmedia":[{"embeddable":true,"href":"https:\/\/ostrowskatv.pl\/index.php?rest_route=\/wp\/v2\/media\/1488"}],"wp:attachment":[{"href":"https:\/\/ostrowskatv.pl\/index.php?rest_route=%2Fwp%2Fv2%2Fmedia&parent=1486"}],"wp:term":[{"taxonomy":"category","embeddable":true,"href":"https:\/\/ostrowskatv.pl\/index.php?rest_route=%2Fwp%2Fv2%2Fcategories&post=1486"},{"taxonomy":"post_tag","embeddable":true,"href":"https:\/\/ostrowskatv.pl\/index.php?rest_route=%2Fwp%2Fv2%2Ftags&post=1486"}],"curies":[{"name":"wp","href":"https:\/\/api.w.org\/{rel}","templated":true}]}}