{"id":1481,"date":"2016-05-26T10:56:10","date_gmt":"2016-05-26T09:56:10","guid":{"rendered":"http:\/\/ostrowska.tv\/?p=1481"},"modified":"2016-05-26T13:18:14","modified_gmt":"2016-05-26T12:18:14","slug":"dzis-boze-cialo-zobacz-koscioly-z-niebianskiej-perspektywy","status":"publish","type":"post","link":"https:\/\/ostrowskatv.pl\/?p=1481","title":{"rendered":"Dzi\u015b Bo\u017ce Cia\u0142o &#8211; zobacz ko\u015bcio\u0142y z niebia\u0144skiej perspektywy"},"content":{"rendered":"<p><strong>Dzi\u015b szczeg\u00f3lny dzie\u0144 &#8211; Bo\u017ce Cia\u0142o. Katolicy na ca\u0142ym \u015bwiecie obchodz\u0105 uroczysto\u015b\u0107 Naj\u015bwi\u0119tszego Cia\u0142a i Krwi Chrystusa. W Polsce \u015bwi\u0119to popularnie nazywamy Bo\u017cym Cia\u0142em, ustanowiono je ku czci Naj\u015bwi\u0119tszego Sakramentu. To \u015bwi\u0119to przypada zawsze 60 dni po Wielkanocy.<\/strong><\/p>\n<p>W Ostrowie Wlkp., tak jak i w ca\u0142ym kraju, ulicami przechodzi procesja, na czele kt\u00f3rej dziewczynki rzucaj\u0105 p\u0142atki kwiat\u00f3w.<\/p>\n<p>Zanim obejrz\u0105 Pa\u0144stwo relacj\u0119 z tej procesji, zapraszamy do obejrzenia kr\u00f3tkiego filmu z zapieraj\u0105cymi dech w piersiach uj\u0119ciami z lotu ptaka ostrowskich ko\u015bcio\u0142\u00f3w.<\/p>\n<p><iframe loading=\"lazy\" width=\"560\" height=\"315\" src=\"https:\/\/www.youtube.com\/embed\/Ua6oqE32aNA\" frameborder=\"0\" allowfullscreen><\/iframe><\/p>\n<p>Procesja Bo\u017cego Cia\u0142a:<br \/>\n<iframe loading=\"lazy\" width=\"420\" height=\"315\" src=\"https:\/\/www.youtube.com\/embed\/NSVNzqY3wzw\" frameborder=\"0\" allowfullscreen><\/iframe><\/p>\n","protected":false},"excerpt":{"rendered":"Dzi\u015b szczeg\u00f3lny dzie\u0144 &#8211; Bo\u017ce Cia\u0142o. Katolicy na ca\u0142ym \u015bwiecie obchodz\u0105 uroczysto\u015b\u0107 Naj\u015bwi\u0119tszego Cia\u0142a i Krwi Chrystusa. W Polsce \u015bwi\u0119to popularnie nazywamy Bo\u017cym \n<a class=\"moretag\" href=\"https:\/\/ostrowskatv.pl\/?p=1481\"> [...]<\/a>","protected":false},"author":1,"featured_media":1482,"comment_status":"open","ping_status":"open","sticky":false,"template":"","format":"standard","meta":{"footnotes":""},"categories":[1],"tags":[2],"class_list":["post-1481","post","type-post","status-publish","format-standard","has-post-thumbnail","hentry","category-news","tag-ostrow-wielkopolski"],"_links":{"self":[{"href":"https:\/\/ostrowskatv.pl\/index.php?rest_route=\/wp\/v2\/posts\/1481","targetHints":{"allow":["GET"]}}],"collection":[{"href":"https:\/\/ostrowskatv.pl\/index.php?rest_route=\/wp\/v2\/posts"}],"about":[{"href":"https:\/\/ostrowskatv.pl\/index.php?rest_route=\/wp\/v2\/types\/post"}],"author":[{"embeddable":true,"href":"https:\/\/ostrowskatv.pl\/index.php?rest_route=\/wp\/v2\/users\/1"}],"replies":[{"embeddable":true,"href":"https:\/\/ostrowskatv.pl\/index.php?rest_route=%2Fwp%2Fv2%2Fcomments&post=1481"}],"version-history":[{"count":0,"href":"https:\/\/ostrowskatv.pl\/index.php?rest_route=\/wp\/v2\/posts\/1481\/revisions"}],"wp:featuredmedia":[{"embeddable":true,"href":"https:\/\/ostrowskatv.pl\/index.php?rest_route=\/wp\/v2\/media\/1482"}],"wp:attachment":[{"href":"https:\/\/ostrowskatv.pl\/index.php?rest_route=%2Fwp%2Fv2%2Fmedia&parent=1481"}],"wp:term":[{"taxonomy":"category","embeddable":true,"href":"https:\/\/ostrowskatv.pl\/index.php?rest_route=%2Fwp%2Fv2%2Fcategories&post=1481"},{"taxonomy":"post_tag","embeddable":true,"href":"https:\/\/ostrowskatv.pl\/index.php?rest_route=%2Fwp%2Fv2%2Ftags&post=1481"}],"curies":[{"name":"wp","href":"https:\/\/api.w.org\/{rel}","templated":true}]}}