{"id":14792,"date":"2021-05-03T14:34:04","date_gmt":"2021-05-03T13:34:04","guid":{"rendered":"http:\/\/ostrowska.tv\/?p=14792"},"modified":"2021-05-03T14:34:04","modified_gmt":"2021-05-03T13:34:04","slug":"rondem-pod-prad-kto-mu-dal-prawo-jazdy-wideo","status":"publish","type":"post","link":"https:\/\/ostrowskatv.pl\/?p=14792","title":{"rendered":"Rondem pod pr\u0105d &#8211; kto mu da\u0142 prawo jazdy? (wideo)"},"content":{"rendered":"<p><strong>W niedziel\u0119 kierowca osob\u00f3wki da\u0142 popis swoich umiej\u0119tno\u015bci i do\u015bwiadczenia. Jad\u0105c od strony Antonina na szcz\u0119\u015bcie nie zamierza\u0142 wjecha\u0107 na obwodnic\u0119 Ostrowa, ale pojecha\u0142 w kierunku Przygodzic. Zamiast wjecha\u0107 na rondo skr\u0119caj\u0105c w prawo, ten postanowi\u0142 skr\u0119ci\u0107 w lewo. Samoch\u00f3d mia\u0142 tablice rejestracyjne z ostrowskiego powiatu. Do zdarzenia dosz\u0142o w Strugach. <\/strong><\/p>\n<p><iframe loading=\"lazy\" title=\"Rondem pod pr\u0105d - Strugi\" width=\"747\" height=\"420\" src=\"https:\/\/www.youtube.com\/embed\/fm0wYcB5nEM?feature=oembed\" frameborder=\"0\" allow=\"accelerometer; autoplay; clipboard-write; encrypted-media; gyroscope; picture-in-picture; web-share\" referrerpolicy=\"strict-origin-when-cross-origin\" allowfullscreen><\/iframe><\/p>\n","protected":false},"excerpt":{"rendered":"W niedziel\u0119 kierowca osob\u00f3wki da\u0142 popis swoich umiej\u0119tno\u015bci i do\u015bwiadczenia. Jad\u0105c od strony Antonina na szcz\u0119\u015bcie nie zamierza\u0142 wjecha\u0107 na obwodnic\u0119 Ostrowa, ale \n<a class=\"moretag\" href=\"https:\/\/ostrowskatv.pl\/?p=14792\"> [...]<\/a>","protected":false},"author":1,"featured_media":14793,"comment_status":"open","ping_status":"closed","sticky":false,"template":"","format":"standard","meta":{"footnotes":""},"categories":[1],"tags":[160],"class_list":["post-14792","post","type-post","status-publish","format-standard","has-post-thumbnail","hentry","category-news","tag-strugi"],"_links":{"self":[{"href":"https:\/\/ostrowskatv.pl\/index.php?rest_route=\/wp\/v2\/posts\/14792","targetHints":{"allow":["GET"]}}],"collection":[{"href":"https:\/\/ostrowskatv.pl\/index.php?rest_route=\/wp\/v2\/posts"}],"about":[{"href":"https:\/\/ostrowskatv.pl\/index.php?rest_route=\/wp\/v2\/types\/post"}],"author":[{"embeddable":true,"href":"https:\/\/ostrowskatv.pl\/index.php?rest_route=\/wp\/v2\/users\/1"}],"replies":[{"embeddable":true,"href":"https:\/\/ostrowskatv.pl\/index.php?rest_route=%2Fwp%2Fv2%2Fcomments&post=14792"}],"version-history":[{"count":0,"href":"https:\/\/ostrowskatv.pl\/index.php?rest_route=\/wp\/v2\/posts\/14792\/revisions"}],"wp:featuredmedia":[{"embeddable":true,"href":"https:\/\/ostrowskatv.pl\/index.php?rest_route=\/wp\/v2\/media\/14793"}],"wp:attachment":[{"href":"https:\/\/ostrowskatv.pl\/index.php?rest_route=%2Fwp%2Fv2%2Fmedia&parent=14792"}],"wp:term":[{"taxonomy":"category","embeddable":true,"href":"https:\/\/ostrowskatv.pl\/index.php?rest_route=%2Fwp%2Fv2%2Fcategories&post=14792"},{"taxonomy":"post_tag","embeddable":true,"href":"https:\/\/ostrowskatv.pl\/index.php?rest_route=%2Fwp%2Fv2%2Ftags&post=14792"}],"curies":[{"name":"wp","href":"https:\/\/api.w.org\/{rel}","templated":true}]}}