{"id":14781,"date":"2021-05-01T11:33:22","date_gmt":"2021-05-01T10:33:22","guid":{"rendered":"http:\/\/ostrowska.tv\/?p=14781"},"modified":"2021-05-01T11:33:22","modified_gmt":"2021-05-01T10:33:22","slug":"potraceni-rowerzysci-w-tym-samym-momencie","status":"publish","type":"post","link":"https:\/\/ostrowskatv.pl\/?p=14781","title":{"rendered":"Potr\u0105ceni rowerzy\u015bci w tym samym momencie"},"content":{"rendered":"<p><strong>W sobotnie przedpo\u0142udnie dosz\u0142o do dw\u00f3ch potr\u0105ce\u0144 rowerzyst\u00f3w praktycznie w tym samym momencie. W jednym poszkodowana zosta\u0142a kobieta przy lotnisku w Micha\u0142kowie, a drugie zdarzenie mia\u0142o miejsce przy skrzy\u017cowaniu ulic Kaliskiej i Alei S\u0142owackiego.<\/strong><\/p>\n<p>Kobieta jecha\u0142a rowerem od strony Ostrowa i przed lotniskiem w Micha\u0142kowie zamierza\u0142a skr\u0119ci\u0107 w prawo, w stron\u0119 Lewkowa. Z niewiadomych przyczyn nie obejrza\u0142a si\u0119 uwa\u017cnie w lewo i wjecha\u0142a z drogi podporz\u0105dkowanej wprost pod citroena. Jego kierowca bardzo przytomnie wykona\u0142 manewr unikaj\u0105cy, dzi\u0119ki czemu kobieta zosta\u0142a potr\u0105cona tylko przez boczne lusterko. Po zdarzeniu przewr\u00f3ci\u0142a si\u0119 i dozna\u0142a krwawi\u0105cej rany z lewego boku g\u0142owy. Nie straci\u0142a przytomno\u015bci. Za\u0142oga karetki pogotowia przewioz\u0142a j\u0105 do szpitala na dok\u0142adniejsz\u0105 diagnostyk\u0119.<\/p>\n<p><img loading=\"lazy\" decoding=\"async\" class=\"alignnone size-full wp-image-14783\" src=\"http:\/\/ostrowska.tv\/wp-content\/uploads\/2021\/05\/IMG_20210501_113135-01.jpeg\" alt=\"\" width=\"1366\" height=\"1025\" srcset=\"https:\/\/ostrowskatv.pl\/wp-content\/uploads\/2021\/05\/IMG_20210501_113135-01.jpeg 1366w, https:\/\/ostrowskatv.pl\/wp-content\/uploads\/2021\/05\/IMG_20210501_113135-01-300x225.jpeg 300w, https:\/\/ostrowskatv.pl\/wp-content\/uploads\/2021\/05\/IMG_20210501_113135-01-480x360.jpeg 480w\" sizes=\"auto, (max-width: 1366px) 100vw, 1366px\" \/> <img loading=\"lazy\" decoding=\"async\" class=\"alignnone size-full wp-image-14784\" src=\"http:\/\/ostrowska.tv\/wp-content\/uploads\/2021\/05\/IMG_20210501_112815-01.jpeg\" alt=\"\" width=\"1366\" height=\"1025\" srcset=\"https:\/\/ostrowskatv.pl\/wp-content\/uploads\/2021\/05\/IMG_20210501_112815-01.jpeg 1366w, https:\/\/ostrowskatv.pl\/wp-content\/uploads\/2021\/05\/IMG_20210501_112815-01-300x225.jpeg 300w, https:\/\/ostrowskatv.pl\/wp-content\/uploads\/2021\/05\/IMG_20210501_112815-01-480x360.jpeg 480w\" sizes=\"auto, (max-width: 1366px) 100vw, 1366px\" \/> <img loading=\"lazy\" decoding=\"async\" class=\"alignnone size-full wp-image-14785\" src=\"http:\/\/ostrowska.tv\/wp-content\/uploads\/2021\/05\/IMG_20210501_113354-01.jpeg\" alt=\"\" width=\"1366\" height=\"707\" srcset=\"https:\/\/ostrowskatv.pl\/wp-content\/uploads\/2021\/05\/IMG_20210501_113354-01.jpeg 1366w, https:\/\/ostrowskatv.pl\/wp-content\/uploads\/2021\/05\/IMG_20210501_113354-01-300x155.jpeg 300w, https:\/\/ostrowskatv.pl\/wp-content\/uploads\/2021\/05\/IMG_20210501_113354-01-640x331.jpeg 640w\" sizes=\"auto, (max-width: 1366px) 100vw, 1366px\" \/><\/p>\n<p>W kolejnym zdarzeniu opel zderzy\u0142 si\u0119 z rowerzyst\u0105 na skrzy\u017cowaniu Alei S\u0142owackiego i Kaliskiej w Ostrowie Wielkopolskim. W tym przypadku nie by\u0142a potrzebna pomoc medyczna.<\/p>\n<p><img loading=\"lazy\" decoding=\"async\" class=\"alignnone size-full wp-image-14786\" src=\"http:\/\/ostrowska.tv\/wp-content\/uploads\/2021\/05\/IMG_20210501_114115-01.jpeg\" alt=\"\" width=\"1366\" height=\"878\" srcset=\"https:\/\/ostrowskatv.pl\/wp-content\/uploads\/2021\/05\/IMG_20210501_114115-01.jpeg 1366w, https:\/\/ostrowskatv.pl\/wp-content\/uploads\/2021\/05\/IMG_20210501_114115-01-300x193.jpeg 300w, https:\/\/ostrowskatv.pl\/wp-content\/uploads\/2021\/05\/IMG_20210501_114115-01-560x360.jpeg 560w\" sizes=\"auto, (max-width: 1366px) 100vw, 1366px\" \/> <img loading=\"lazy\" decoding=\"async\" class=\"alignnone size-full wp-image-14787\" src=\"http:\/\/ostrowska.tv\/wp-content\/uploads\/2021\/05\/IMG_20210501_114249-01.jpeg\" alt=\"\" width=\"1366\" height=\"1025\" srcset=\"https:\/\/ostrowskatv.pl\/wp-content\/uploads\/2021\/05\/IMG_20210501_114249-01.jpeg 1366w, https:\/\/ostrowskatv.pl\/wp-content\/uploads\/2021\/05\/IMG_20210501_114249-01-300x225.jpeg 300w, https:\/\/ostrowskatv.pl\/wp-content\/uploads\/2021\/05\/IMG_20210501_114249-01-480x360.jpeg 480w\" sizes=\"auto, (max-width: 1366px) 100vw, 1366px\" \/><\/p>\n","protected":false},"excerpt":{"rendered":"W sobotnie przedpo\u0142udnie dosz\u0142o do dw\u00f3ch potr\u0105ce\u0144 rowerzyst\u00f3w praktycznie w tym samym momencie. W jednym poszkodowana zosta\u0142a kobieta przy lotnisku w Micha\u0142kowie, a \n<a class=\"moretag\" href=\"https:\/\/ostrowskatv.pl\/?p=14781\"> [...]<\/a>","protected":false},"author":1,"featured_media":14784,"comment_status":"open","ping_status":"closed","sticky":false,"template":"","format":"standard","meta":{"footnotes":""},"categories":[1],"tags":[41],"class_list":["post-14781","post","type-post","status-publish","format-standard","has-post-thumbnail","hentry","category-news","tag-potracenie"],"_links":{"self":[{"href":"https:\/\/ostrowskatv.pl\/index.php?rest_route=\/wp\/v2\/posts\/14781","targetHints":{"allow":["GET"]}}],"collection":[{"href":"https:\/\/ostrowskatv.pl\/index.php?rest_route=\/wp\/v2\/posts"}],"about":[{"href":"https:\/\/ostrowskatv.pl\/index.php?rest_route=\/wp\/v2\/types\/post"}],"author":[{"embeddable":true,"href":"https:\/\/ostrowskatv.pl\/index.php?rest_route=\/wp\/v2\/users\/1"}],"replies":[{"embeddable":true,"href":"https:\/\/ostrowskatv.pl\/index.php?rest_route=%2Fwp%2Fv2%2Fcomments&post=14781"}],"version-history":[{"count":0,"href":"https:\/\/ostrowskatv.pl\/index.php?rest_route=\/wp\/v2\/posts\/14781\/revisions"}],"wp:featuredmedia":[{"embeddable":true,"href":"https:\/\/ostrowskatv.pl\/index.php?rest_route=\/wp\/v2\/media\/14784"}],"wp:attachment":[{"href":"https:\/\/ostrowskatv.pl\/index.php?rest_route=%2Fwp%2Fv2%2Fmedia&parent=14781"}],"wp:term":[{"taxonomy":"category","embeddable":true,"href":"https:\/\/ostrowskatv.pl\/index.php?rest_route=%2Fwp%2Fv2%2Fcategories&post=14781"},{"taxonomy":"post_tag","embeddable":true,"href":"https:\/\/ostrowskatv.pl\/index.php?rest_route=%2Fwp%2Fv2%2Ftags&post=14781"}],"curies":[{"name":"wp","href":"https:\/\/api.w.org\/{rel}","templated":true}]}}