{"id":14777,"date":"2021-04-30T18:43:15","date_gmt":"2021-04-30T17:43:15","guid":{"rendered":"http:\/\/ostrowska.tv\/?p=14777"},"modified":"2021-04-30T18:45:54","modified_gmt":"2021-04-30T17:45:54","slug":"motocyklista-nie-okielznal-suzuki-i-wjechal-w-auto-kolo-samolotu","status":"publish","type":"post","link":"https:\/\/ostrowskatv.pl\/?p=14777","title":{"rendered":"Motocyklista nie okie\u0142zna\u0142 Suzuki i wjecha\u0142 w auto ko\u0142o samolotu"},"content":{"rendered":"<p><strong>Oko\u0142o 30-letni kieruj\u0105cy motocyklem marki suzuki jecha\u0142 pod wiaduktem krotoszy\u0144skim w stron\u0119 centrum Ostrowa. Wyje\u017cd\u017caj\u0105c spod wiaduktu zacz\u0105\u0142 hamowa\u0107.<\/strong><\/p>\n<p>T\u0142umaczy\u0142 si\u0119, \u017ce mia\u0142 awarie uk\u0142adu hamulcowego i dlatego wpad\u0142 w po\u015blizg. Motocykl zosta\u0142 wyprodukowany ponad 20 lat temu. Po wpadni\u0119ciu w po\u015blizg zjecha\u0142 na przeciwny pas ruchu i uderzy\u0142 w prz\u00f3d kia picanto, powoduj\u0105c odpalenie poduszki bezpoecze\u0144stwa.<\/p>\n<p>W zdarzeniu nikt powa\u017cnie nie ucierpia\u0142. Motocyklista by\u0142 poturbowany, a kieruj\u0105ca autem by\u0142a roztrz\u0119siona.<\/p>\n<p>Na miejsce zadysponowano stra\u017c po\u017carn\u0105 i policj\u0119. <\/p>\n<p><img loading=\"lazy\" decoding=\"async\" src=\"http:\/\/ostrowska.tv\/wp-content\/uploads\/2021\/04\/IMG_20210430_184513-01.jpeg\" alt=\"\" width=\"1366\" height=\"833\" class=\"alignnone size-full wp-image-14776\" srcset=\"https:\/\/ostrowskatv.pl\/wp-content\/uploads\/2021\/04\/IMG_20210430_184513-01.jpeg 1366w, https:\/\/ostrowskatv.pl\/wp-content\/uploads\/2021\/04\/IMG_20210430_184513-01-300x183.jpeg 300w, https:\/\/ostrowskatv.pl\/wp-content\/uploads\/2021\/04\/IMG_20210430_184513-01-590x360.jpeg 590w\" sizes=\"auto, (max-width: 1366px) 100vw, 1366px\" \/><\/p>\n<p><img loading=\"lazy\" decoding=\"async\" src=\"http:\/\/ostrowska.tv\/wp-content\/uploads\/2021\/04\/IMG_20210430_191339-01.jpeg\" alt=\"\" width=\"1366\" height=\"1025\" class=\"alignnone size-full wp-image-14775\" srcset=\"https:\/\/ostrowskatv.pl\/wp-content\/uploads\/2021\/04\/IMG_20210430_191339-01.jpeg 1366w, https:\/\/ostrowskatv.pl\/wp-content\/uploads\/2021\/04\/IMG_20210430_191339-01-300x225.jpeg 300w, https:\/\/ostrowskatv.pl\/wp-content\/uploads\/2021\/04\/IMG_20210430_191339-01-480x360.jpeg 480w\" sizes=\"auto, (max-width: 1366px) 100vw, 1366px\" \/><\/p>\n","protected":false},"excerpt":{"rendered":"Oko\u0142o 30-letni kieruj\u0105cy motocyklem marki suzuki jecha\u0142 pod wiaduktem krotoszy\u0144skim w stron\u0119 centrum Ostrowa. Wyje\u017cd\u017caj\u0105c spod wiaduktu zacz\u0105\u0142 hamowa\u0107. T\u0142umaczy\u0142 si\u0119, \u017ce mia\u0142 \n<a class=\"moretag\" href=\"https:\/\/ostrowskatv.pl\/?p=14777\"> [...]<\/a>","protected":false},"author":1,"featured_media":14774,"comment_status":"open","ping_status":"closed","sticky":false,"template":"","format":"standard","meta":{"footnotes":""},"categories":[1],"tags":[2],"class_list":["post-14777","post","type-post","status-publish","format-standard","has-post-thumbnail","hentry","category-news","tag-ostrow-wielkopolski"],"_links":{"self":[{"href":"https:\/\/ostrowskatv.pl\/index.php?rest_route=\/wp\/v2\/posts\/14777","targetHints":{"allow":["GET"]}}],"collection":[{"href":"https:\/\/ostrowskatv.pl\/index.php?rest_route=\/wp\/v2\/posts"}],"about":[{"href":"https:\/\/ostrowskatv.pl\/index.php?rest_route=\/wp\/v2\/types\/post"}],"author":[{"embeddable":true,"href":"https:\/\/ostrowskatv.pl\/index.php?rest_route=\/wp\/v2\/users\/1"}],"replies":[{"embeddable":true,"href":"https:\/\/ostrowskatv.pl\/index.php?rest_route=%2Fwp%2Fv2%2Fcomments&post=14777"}],"version-history":[{"count":0,"href":"https:\/\/ostrowskatv.pl\/index.php?rest_route=\/wp\/v2\/posts\/14777\/revisions"}],"wp:featuredmedia":[{"embeddable":true,"href":"https:\/\/ostrowskatv.pl\/index.php?rest_route=\/wp\/v2\/media\/14774"}],"wp:attachment":[{"href":"https:\/\/ostrowskatv.pl\/index.php?rest_route=%2Fwp%2Fv2%2Fmedia&parent=14777"}],"wp:term":[{"taxonomy":"category","embeddable":true,"href":"https:\/\/ostrowskatv.pl\/index.php?rest_route=%2Fwp%2Fv2%2Fcategories&post=14777"},{"taxonomy":"post_tag","embeddable":true,"href":"https:\/\/ostrowskatv.pl\/index.php?rest_route=%2Fwp%2Fv2%2Ftags&post=14777"}],"curies":[{"name":"wp","href":"https:\/\/api.w.org\/{rel}","templated":true}]}}