{"id":1475,"date":"2016-05-24T15:55:54","date_gmt":"2016-05-24T14:55:54","guid":{"rendered":"http:\/\/ostrowska.tv\/?p=1475"},"modified":"2016-05-24T16:15:08","modified_gmt":"2016-05-24T15:15:08","slug":"co-ostrowianie-wiedza-o-pierwszej-pomocy-sonda","status":"publish","type":"post","link":"https:\/\/ostrowskatv.pl\/?p=1475","title":{"rendered":"Co ostrowianie wiedz\u0105 o pierwszej pomocy? (sonda)"},"content":{"rendered":"<p><strong>Dyrekcja ostrowskiego szpitala postanowi\u0142a zorganizowa\u0107 kurs pierwszej pomocy dla ostrowskich dziennikarzy. Zaj\u0119cia poprowadzi\u0142 radny Wojciech Kornaszewski. Sk\u0105d taki pomys\u0142?<\/strong><\/p>\n<blockquote><p>&#8211; Znajomo\u015b\u0107 zasad pierwszej pomocy jest niezb\u0119dna nie tylko w zawodzie dziennikarza, ale tak\u017ce w \u017cyciu prywatnym. Wychodz\u0105c z pracy, mamy obowi\u0105zek pomagania. Jeste\u015bmy takimi samymi obywatelami jak ka\u017cdy inny \u2013 t\u0142umaczy\u0142 radny Wojciech Kornaszewski, na co dzie\u0144 ratownik medyczny.<\/p><\/blockquote>\n<p>Po co dziennikarzom kurs pierwszej pomocy? Na co dzie\u0144 relacjonuj\u0105 oni r\u00f3\u017cne wydarzenia. Na miejscu wielu wypadk\u00f3w pojawiaj\u0105 si\u0119 czasami wcze\u015bniej ni\u017c s\u0142u\u017cby ratownicze. A bywa i tak, \u017ce o \u017cyciu poszkodowanych decyduj\u0105 minuty.<\/p>\n<blockquote><p>&#8211; Recepty na pozbycie si\u0119 obaw zwi\u0105zanych z udzielaniem pierwszej pomocy nie ma. Warto jednak podkre\u015bli\u0107, \u017ce jednym z powod\u00f3w umierania ludzi na ulicach jest oboj\u0119tno\u015b\u0107. Nie musimy ca\u0142ej wiedzy zwi\u0105zanej z pierwsz\u0105 pomoc\u0105 nosi\u0107 w g\u0142owie. O tych zasadach dowiemy si\u0119 nawet podczas rozmowy z dyspozytorem, kiedy zadamy pytania. Musimy zmieni\u0107 mentalno\u015b\u0107 i walczy\u0107 z mitami dotycz\u0105cymi pierwszej pomocy \u2013 wyja\u015bni\u0142 Wojciech Kornaszewski.<\/p><\/blockquote>\n<p>Przy okazji zaj\u0119\u0107 z pierwszej pomocy, postanowili\u015bmy sprawdzi\u0107, jaki jest stan wiedzy ostrowian na temat tego zagadnienia. Przeprowadzili\u015bmy kr\u00f3tk\u0105 sond\u0119 w\u015br\u00f3d mieszka\u0144c\u00f3w naszego miasta. Mo\u017cna si\u0119 z ni\u0105 zapozna\u0107 poni\u017cej.<\/p>\n<div style=\"width: 640px;\" class=\"wp-video\"><video class=\"wp-video-shortcode\" id=\"video-1475-1\" width=\"640\" height=\"360\" preload=\"metadata\" controls=\"controls\"><source type=\"video\/mp4\" src=\"http:\/\/ostrowska.tv\/wp-content\/uploads\/2016\/05\/1pomocsonda.mp4?_=1\" \/><a href=\"http:\/\/ostrowska.tv\/wp-content\/uploads\/2016\/05\/1pomocsonda.mp4\">http:\/\/ostrowska.tv\/wp-content\/uploads\/2016\/05\/1pomocsonda.mp4<\/a><\/video><\/div>\n<p>&nbsp;<\/p>\n","protected":false},"excerpt":{"rendered":"Dyrekcja ostrowskiego szpitala postanowi\u0142a zorganizowa\u0107 kurs pierwszej pomocy dla ostrowskich dziennikarzy. Zaj\u0119cia poprowadzi\u0142 radny Wojciech Kornaszewski. Sk\u0105d taki pomys\u0142? &#8211; Znajomo\u015b\u0107 zasad pierwszej \n<a class=\"moretag\" href=\"https:\/\/ostrowskatv.pl\/?p=1475\"> [...]<\/a>","protected":false},"author":1,"featured_media":1476,"comment_status":"open","ping_status":"open","sticky":false,"template":"","format":"standard","meta":{"footnotes":""},"categories":[1],"tags":[2],"class_list":["post-1475","post","type-post","status-publish","format-standard","has-post-thumbnail","hentry","category-news","tag-ostrow-wielkopolski"],"_links":{"self":[{"href":"https:\/\/ostrowskatv.pl\/index.php?rest_route=\/wp\/v2\/posts\/1475","targetHints":{"allow":["GET"]}}],"collection":[{"href":"https:\/\/ostrowskatv.pl\/index.php?rest_route=\/wp\/v2\/posts"}],"about":[{"href":"https:\/\/ostrowskatv.pl\/index.php?rest_route=\/wp\/v2\/types\/post"}],"author":[{"embeddable":true,"href":"https:\/\/ostrowskatv.pl\/index.php?rest_route=\/wp\/v2\/users\/1"}],"replies":[{"embeddable":true,"href":"https:\/\/ostrowskatv.pl\/index.php?rest_route=%2Fwp%2Fv2%2Fcomments&post=1475"}],"version-history":[{"count":0,"href":"https:\/\/ostrowskatv.pl\/index.php?rest_route=\/wp\/v2\/posts\/1475\/revisions"}],"wp:featuredmedia":[{"embeddable":true,"href":"https:\/\/ostrowskatv.pl\/index.php?rest_route=\/wp\/v2\/media\/1476"}],"wp:attachment":[{"href":"https:\/\/ostrowskatv.pl\/index.php?rest_route=%2Fwp%2Fv2%2Fmedia&parent=1475"}],"wp:term":[{"taxonomy":"category","embeddable":true,"href":"https:\/\/ostrowskatv.pl\/index.php?rest_route=%2Fwp%2Fv2%2Fcategories&post=1475"},{"taxonomy":"post_tag","embeddable":true,"href":"https:\/\/ostrowskatv.pl\/index.php?rest_route=%2Fwp%2Fv2%2Ftags&post=1475"}],"curies":[{"name":"wp","href":"https:\/\/api.w.org\/{rel}","templated":true}]}}