{"id":1471,"date":"2016-05-24T13:02:21","date_gmt":"2016-05-24T12:02:21","guid":{"rendered":"http:\/\/ostrowska.tv\/?p=1471"},"modified":"2016-05-24T13:02:21","modified_gmt":"2016-05-24T12:02:21","slug":"impreza-na-bogato-dla-ostrowskiej-elyty","status":"publish","type":"post","link":"https:\/\/ostrowskatv.pl\/?p=1471","title":{"rendered":"Impreza na bogato dla ostrowskiej \u201eELYTY\u201d"},"content":{"rendered":"<p><strong>Ostrowianie po Majostaszkach, kt\u00f3re odby\u0142y si\u0119 na Piaskach, odczuwaj\u0105 niedosyt. Ch\u0119tnie wybraliby si\u0119 na jeszcze jedn\u0105 tak\u0105 imprez\u0105. W miejskiej kasie s\u0105 na to pieni\u0105dze. Ale\u2026 zostan\u0105 one wydane na ostrowsk\u0105 ELYT\u0118, kt\u00f3ra dzi\u0119ki temu b\u0119dzie mog\u0142a obejrze\u0107 12 film\u00f3w w promocyjnej cenie 5 z\u0142 za ka\u017cdy.<\/strong><\/p>\n<p>Ostrowski Festiwal Filmowy to impreza, kt\u00f3r\u0105 postanowi\u0142y zorganizowa\u0107 w\u0142adze miasta i OCK z pieni\u0119dzy mieszka\u0144c\u00f3w. Bud\u017cet imprezy to 200 tysi\u0119cy. Za tak\u0105 sam\u0105 kwot\u0119 mo\u017cna by zorganizowa\u0107 drugie Majostaszki.<\/p>\n<p>Jednak dla w\u0142adz naszego miasta wa\u017cniejsza jest tzw. \u201ekultura wy\u017csza\u201d i zaspokojenie potrzeb \u201eELYTY\u201d, kt\u00f3r\u0105 j\u0105 skonsumuje. Poza tym nieskrywan\u0105 przyjemno\u015b\u0107 z organizacji wspomnianego festiwalu w latach minionych odnios\u0142a pani wiceprezydent Ewa Matecka, kt\u00f3ra gdzie\u015b, kiedy\u015b rozmawia\u0142a z jedn\u0105 z og\u00f3lnopolskich dziennikarek, kt\u00f3ra kojarzy\u0142a, \u017ce jest taka impreza. By\u0142o to dla niej szczeg\u00f3lne prze\u017cycie.<\/p>\n<p>Nasuwa si\u0119 zatem pytanie, czy ostrowskiej \u201eELYTY\u201d nie sta\u0107 na sfinansowanie takiego przedsi\u0119wzi\u0119cia ze swojej kieszeni? Skoro m\u00f3wimy o ludziach \u201ez wy\u017cszych sfer\u201d, to wydanie takiej kwoty nie powinno by\u0107 dla nich problemem. Zw\u0142aszcza, \u017ce cz\u0119\u015b\u0107 \u015brodk\u00f3w do\u0142o\u017cy\u0142o Ministerstwo Kultury i Dziedzictwa Narodowego.<\/p>\n<p>Na uwag\u0119 zas\u0142uguje r\u00f3wnie\u017c zachowanie niekt\u00f3rych ostrowskich dziennikarzy, kt\u00f3rzy byli oburzeni zadaniem pytania o zasadno\u015b\u0107 wydania tak du\u017cej sumy pieni\u0119dzy na seanse filmowe i spotkania z zaproszonymi go\u015b\u0107mi, kt\u00f3re gromadzi\u0142y maksymalnie 100 os\u00f3b. Ich zaciek\u0142\u0105 obron\u0119 idei festiwalu mo\u017cna mo\u017ce t\u0142umaczy\u0107 fakt obj\u0119cia patronem medialnym tego wydarzenia. Mo\u017cemy zaryzykowa\u0107 stwierdzenie, \u017ce w \u017cadnym innym mie\u015bcie \u017curnali\u015bci nie staj\u0105 w obronie os\u00f3b publicznych, kiedy zada im si\u0119 niewygodne pytania.<\/p>\n<p>Poni\u017cej prezentujemy uzasadnienie organizator\u00f3w dotycz\u0105ce zasadno\u015bci wydania tak du\u017cej kwoty na festiwal. Zach\u0119camy do dyskusji w komentarzach pod materia\u0142em\u2026<\/p>\n<div style=\"width: 640px;\" class=\"wp-video\"><video class=\"wp-video-shortcode\" id=\"video-1471-1\" width=\"640\" height=\"360\" preload=\"metadata\" controls=\"controls\"><source type=\"video\/mp4\" src=\"http:\/\/ostrowska.tv\/wp-content\/uploads\/2016\/05\/ock-festiwal2.mp4?_=1\" \/><a href=\"http:\/\/ostrowska.tv\/wp-content\/uploads\/2016\/05\/ock-festiwal2.mp4\">http:\/\/ostrowska.tv\/wp-content\/uploads\/2016\/05\/ock-festiwal2.mp4<\/a><\/video><\/div>\n","protected":false},"excerpt":{"rendered":"Ostrowianie po Majostaszkach, kt\u00f3re odby\u0142y si\u0119 na Piaskach, odczuwaj\u0105 niedosyt. Ch\u0119tnie wybraliby si\u0119 na jeszcze jedn\u0105 tak\u0105 imprez\u0105. W miejskiej kasie s\u0105 na \n<a class=\"moretag\" href=\"https:\/\/ostrowskatv.pl\/?p=1471\"> [...]<\/a>","protected":false},"author":1,"featured_media":1473,"comment_status":"open","ping_status":"open","sticky":false,"template":"","format":"standard","meta":{"footnotes":""},"categories":[1],"tags":[2],"class_list":["post-1471","post","type-post","status-publish","format-standard","has-post-thumbnail","hentry","category-news","tag-ostrow-wielkopolski"],"_links":{"self":[{"href":"https:\/\/ostrowskatv.pl\/index.php?rest_route=\/wp\/v2\/posts\/1471","targetHints":{"allow":["GET"]}}],"collection":[{"href":"https:\/\/ostrowskatv.pl\/index.php?rest_route=\/wp\/v2\/posts"}],"about":[{"href":"https:\/\/ostrowskatv.pl\/index.php?rest_route=\/wp\/v2\/types\/post"}],"author":[{"embeddable":true,"href":"https:\/\/ostrowskatv.pl\/index.php?rest_route=\/wp\/v2\/users\/1"}],"replies":[{"embeddable":true,"href":"https:\/\/ostrowskatv.pl\/index.php?rest_route=%2Fwp%2Fv2%2Fcomments&post=1471"}],"version-history":[{"count":0,"href":"https:\/\/ostrowskatv.pl\/index.php?rest_route=\/wp\/v2\/posts\/1471\/revisions"}],"wp:featuredmedia":[{"embeddable":true,"href":"https:\/\/ostrowskatv.pl\/index.php?rest_route=\/wp\/v2\/media\/1473"}],"wp:attachment":[{"href":"https:\/\/ostrowskatv.pl\/index.php?rest_route=%2Fwp%2Fv2%2Fmedia&parent=1471"}],"wp:term":[{"taxonomy":"category","embeddable":true,"href":"https:\/\/ostrowskatv.pl\/index.php?rest_route=%2Fwp%2Fv2%2Fcategories&post=1471"},{"taxonomy":"post_tag","embeddable":true,"href":"https:\/\/ostrowskatv.pl\/index.php?rest_route=%2Fwp%2Fv2%2Ftags&post=1471"}],"curies":[{"name":"wp","href":"https:\/\/api.w.org\/{rel}","templated":true}]}}