{"id":14693,"date":"2021-04-26T10:34:49","date_gmt":"2021-04-26T09:34:49","guid":{"rendered":"http:\/\/ostrowska.tv\/?p=14693"},"modified":"2021-04-26T10:34:49","modified_gmt":"2021-04-26T09:34:49","slug":"leczenie-pacjentow-covidowych-jest-w-ostrowie-na-swiatowym-poziomie","status":"publish","type":"post","link":"https:\/\/ostrowskatv.pl\/?p=14693","title":{"rendered":"&#8222;Leczenie pacjent\u00f3w covidowych jest w Ostrowie na \u015bwiatowym poziomie&#8221;"},"content":{"rendered":"<p><strong>W poniedzia\u0142ek przed ostrowskim szpitalem odby\u0142a si\u0119 konferencja polityk\u00f3w z Prawa i Sprawiedliwo\u015bci, kt\u00f3rych naliczyli\u015bmy co najmniej 10. Dodatkowo stali przedstawiciele ostrowskiego szpitala. Tematem konferencji by\u0142y rz\u0105dowe wsparcia dla lokalnych samorz\u0105d\u00f3w i ocena walki z pandemi\u0105 koronawirusa SARS-CoV-2.<\/strong><\/p>\n<blockquote><p>&#8222;Szpital w Ostrowie Wlkp. aktywnie od pocz\u0105tku w\u0142\u0105czy\u0142 si\u0119 w walk\u0119 z pandemi\u0105. Ju\u017c w pa\u017adzierniku uruchomili\u015bmy pierwsze \u0142\u00f3\u017cka izolacyjne. Obecnie mamy ich 226. (&#8230;) Dzisiaj leczenie i diagnostyka pacjent\u00f3w zaka\u017conych koronawirusem jest na najwy\u017cszym poziomie i nie mamy si\u0119 czego powstydzi\u0107. Dzi\u0119kuj\u0119 wszystkim osobom, personelowi medycznemu i niemedycznemu. <strong>Dzi\u0119ki nim pacjenci s\u0105 diagnozowani i leczeni z najwy\u017cszymi standardami w Unii Europejskiej i na \u015bwiecie<\/strong>.&#8221; &#8211; podkre\u015bla\u0142 dyrektor ostrowskiego szpitala Dariusz Bier\u0142a.<\/p><\/blockquote>\n<p>Minister Marlena Mal\u0105g wr\u0119czy\u0142a symboliczne czeki w kontek\u015bcie przekazywanych pieni\u0119dzy przez rz\u0105d dla lokalnych samorz\u0105d\u00f3w. Dyrektor szpitala zapowiedzia\u0142 co zostanie za to kupione.<\/p>\n<blockquote><p>Z otrzymanych \u015brodk\u00f3w b\u0119dziemy modernizowa\u0107 oddzia\u0142y izolacyjne, modernizowa\u0107 sie\u0107 gaz\u00f3w medycznych, sie\u0107 energetyczn\u0105 i zakupimy aparatur\u0119 medyczn\u0105, kt\u00f3ra pozwoli jeszcze lepiej leczy\u0107 pacjent\u00f3w. Zostanie zakupiony cyfrowy aparat RTG dedykowany dla pacjent\u00f3w covidowych. B\u0119d\u0105 zakupione \u0142\u00f3\u017cka szpitalne, sprz\u0119t w postaci pomp infuzyjnych, kardiomonitor\u00f3w i respirator\u00f3w. Jest tego bardzo du\u017co. Ten sprz\u0119t na co dzie\u0144 jest bardzo potrzebny. Pacjenci wymagaj\u0105 pomocy medycznej, tlenoterapii i sprz\u0119tu z najwy\u017cszej p\u00f3\u0142ki. Ilo\u015b\u0107 tlenu zu\u017cywana w ostatnich miesi\u0105cach wzros\u0142a 3-krotnie. Co drugi dzie\u0144 mamy dostaw\u0119 tlenu i jeszcze si\u0119 nie zdarzy\u0142o i si\u0119 nie zdarzy by tlenu zabrak\u0142o dla naszych pacjent\u00f3w. &#8211; doda\u0142 Bier\u0142a<\/p><\/blockquote>\n<p>Jak zmieni\u0142o si\u0119 ob\u0142o\u017cenie na oddzia\u0142ach covidowych?<\/p>\n<blockquote><p>Do 20 kwietnia ob\u0142o\u017cenie by\u0142o 100%. Teraz pacjent\u00f3w jest troszeczk\u0119 mniej. Bufor wolnych 30-40 \u0142\u00f3\u017cek utrzymujemy i poniewa\u017c fala wygasa to ob\u0142o\u017cenie \u0142\u00f3\u017cek b\u0119dzie mniejsze.&#8221; &#8211; powiedzia\u0142 Dariusz Bier\u0142a, dyrektor ostrowskiego szpitala.<\/p><\/blockquote>\n<p>W imieniu starostwa powiatowego by\u0142 Roman Pacholczyk, politycznie r\u00f3wnie\u017c zwi\u0105zany z PiS. Po kwarantannie postanowi\u0142 zapu\u015bci\u0107 w\u0105sa.<\/p>\n<p><img loading=\"lazy\" decoding=\"async\" src=\"http:\/\/ostrowska.tv\/wp-content\/uploads\/2021\/04\/IMG_20210426_095358-02.jpeg\" alt=\"\" width=\"1366\" height=\"805\" class=\"alignnone size-full wp-image-14692\" srcset=\"https:\/\/ostrowskatv.pl\/wp-content\/uploads\/2021\/04\/IMG_20210426_095358-02.jpeg 1366w, https:\/\/ostrowskatv.pl\/wp-content\/uploads\/2021\/04\/IMG_20210426_095358-02-300x177.jpeg 300w, https:\/\/ostrowskatv.pl\/wp-content\/uploads\/2021\/04\/IMG_20210426_095358-02-611x360.jpeg 611w\" sizes=\"auto, (max-width: 1366px) 100vw, 1366px\" \/><\/p>\n<p><img loading=\"lazy\" decoding=\"async\" src=\"http:\/\/ostrowska.tv\/wp-content\/uploads\/2021\/04\/IMG_20210426_093650-01.jpeg\" alt=\"\" width=\"1366\" height=\"1025\" class=\"alignnone size-full wp-image-14691\" srcset=\"https:\/\/ostrowskatv.pl\/wp-content\/uploads\/2021\/04\/IMG_20210426_093650-01.jpeg 1366w, https:\/\/ostrowskatv.pl\/wp-content\/uploads\/2021\/04\/IMG_20210426_093650-01-300x225.jpeg 300w, https:\/\/ostrowskatv.pl\/wp-content\/uploads\/2021\/04\/IMG_20210426_093650-01-480x360.jpeg 480w\" sizes=\"auto, (max-width: 1366px) 100vw, 1366px\" \/><\/p>\n<p><img loading=\"lazy\" decoding=\"async\" src=\"http:\/\/ostrowska.tv\/wp-content\/uploads\/2021\/04\/IMG_20210426_093641-01.jpeg\" alt=\"\" width=\"1366\" height=\"1025\" class=\"alignnone size-full wp-image-14690\" srcset=\"https:\/\/ostrowskatv.pl\/wp-content\/uploads\/2021\/04\/IMG_20210426_093641-01.jpeg 1366w, https:\/\/ostrowskatv.pl\/wp-content\/uploads\/2021\/04\/IMG_20210426_093641-01-300x225.jpeg 300w, https:\/\/ostrowskatv.pl\/wp-content\/uploads\/2021\/04\/IMG_20210426_093641-01-480x360.jpeg 480w\" sizes=\"auto, (max-width: 1366px) 100vw, 1366px\" \/><\/p>\n","protected":false},"excerpt":{"rendered":"W poniedzia\u0142ek przed ostrowskim szpitalem odby\u0142a si\u0119 konferencja polityk\u00f3w z Prawa i Sprawiedliwo\u015bci, kt\u00f3rych naliczyli\u015bmy co najmniej 10. Dodatkowo stali przedstawiciele ostrowskiego szpitala. \n<a class=\"moretag\" href=\"https:\/\/ostrowskatv.pl\/?p=14693\"> [...]<\/a>","protected":false},"author":1,"featured_media":14690,"comment_status":"open","ping_status":"closed","sticky":false,"template":"","format":"standard","meta":{"footnotes":""},"categories":[1],"tags":[2],"class_list":["post-14693","post","type-post","status-publish","format-standard","has-post-thumbnail","hentry","category-news","tag-ostrow-wielkopolski"],"_links":{"self":[{"href":"https:\/\/ostrowskatv.pl\/index.php?rest_route=\/wp\/v2\/posts\/14693","targetHints":{"allow":["GET"]}}],"collection":[{"href":"https:\/\/ostrowskatv.pl\/index.php?rest_route=\/wp\/v2\/posts"}],"about":[{"href":"https:\/\/ostrowskatv.pl\/index.php?rest_route=\/wp\/v2\/types\/post"}],"author":[{"embeddable":true,"href":"https:\/\/ostrowskatv.pl\/index.php?rest_route=\/wp\/v2\/users\/1"}],"replies":[{"embeddable":true,"href":"https:\/\/ostrowskatv.pl\/index.php?rest_route=%2Fwp%2Fv2%2Fcomments&post=14693"}],"version-history":[{"count":0,"href":"https:\/\/ostrowskatv.pl\/index.php?rest_route=\/wp\/v2\/posts\/14693\/revisions"}],"wp:featuredmedia":[{"embeddable":true,"href":"https:\/\/ostrowskatv.pl\/index.php?rest_route=\/wp\/v2\/media\/14690"}],"wp:attachment":[{"href":"https:\/\/ostrowskatv.pl\/index.php?rest_route=%2Fwp%2Fv2%2Fmedia&parent=14693"}],"wp:term":[{"taxonomy":"category","embeddable":true,"href":"https:\/\/ostrowskatv.pl\/index.php?rest_route=%2Fwp%2Fv2%2Fcategories&post=14693"},{"taxonomy":"post_tag","embeddable":true,"href":"https:\/\/ostrowskatv.pl\/index.php?rest_route=%2Fwp%2Fv2%2Ftags&post=14693"}],"curies":[{"name":"wp","href":"https:\/\/api.w.org\/{rel}","templated":true}]}}