{"id":14658,"date":"2021-04-19T17:46:20","date_gmt":"2021-04-19T16:46:20","guid":{"rendered":"http:\/\/ostrowska.tv\/?p=14658"},"modified":"2021-04-19T17:46:20","modified_gmt":"2021-04-19T16:46:20","slug":"pochowano-proboszcza-krzysztofa-nojmana-wyjatkowe-przemowienie-prezydent","status":"publish","type":"post","link":"https:\/\/ostrowskatv.pl\/?p=14658","title":{"rendered":"Pochowano proboszcza Krzysztofa Nojmana. Wyj\u0105tkowe przem\u00f3wienie prezydent"},"content":{"rendered":"<p><strong>W poniedzia\u0142ek o godzinie 12 rozpocz\u0119\u0142a si\u0119 uroczysto\u015b\u0107 pogrzebowa podczas kt\u00f3rej pochowano proboszcza konkatedry Krzysztofa Nojmana. Wzi\u0119li w niej udzia\u0142 ksi\u0105dz biskup, proboszczowie z innych parafii, delegacje, a tak\u017ce w\u0142adze samorz\u0105dowe. Cia\u0142o pochowano na cmentarzu przy ulicy Limanowskiego.<\/strong><\/p>\n<p>Podczas uroczysto\u015bci w pami\u0119\u0107 zapad\u0142o wyst\u0105pienie prezydent Ostrowa Wielkopolskiego Beaty Klimek, kt\u00f3rego fragment mo\u017cna obejrze\u0107 poni\u017cej.<\/p>\n<p><iframe loading=\"lazy\" title=\"Fragment wyst\u0105pienia prezydent Beaty Klimek\" width=\"747\" height=\"420\" src=\"https:\/\/www.youtube.com\/embed\/Ta1qWdA87-s?feature=oembed\" frameborder=\"0\" allow=\"accelerometer; autoplay; clipboard-write; encrypted-media; gyroscope; picture-in-picture; web-share\" referrerpolicy=\"strict-origin-when-cross-origin\" allowfullscreen><\/iframe><\/p>\n<p>Ca\u0142a Msza dost\u0119pna w poni\u017cszym okienku (trzeba przewin\u0105\u0107 na 1:33:00)<\/p>\n<p><iframe loading=\"lazy\" style=\"border: none; overflow: hidden;\" src=\"https:\/\/www.facebook.com\/plugins\/video.php?height=314&amp;href=https%3A%2F%2Fwww.facebook.com%2FKonkatedra%2Fvideos%2F261903009001764%2F&amp;show_text=false&amp;width=560\" width=\"560\" height=\"314\" frameborder=\"0\" scrolling=\"no\" allowfullscreen=\"allowfullscreen\"><\/iframe><\/p>\n","protected":false},"excerpt":{"rendered":"W poniedzia\u0142ek o godzinie 12 rozpocz\u0119\u0142a si\u0119 uroczysto\u015b\u0107 pogrzebowa podczas kt\u00f3rej pochowano proboszcza konkatedry Krzysztofa Nojmana. Wzi\u0119li w niej udzia\u0142 ksi\u0105dz biskup, proboszczowie \n<a class=\"moretag\" href=\"https:\/\/ostrowskatv.pl\/?p=14658\"> [...]<\/a>","protected":false},"author":1,"featured_media":14659,"comment_status":"open","ping_status":"closed","sticky":false,"template":"","format":"standard","meta":{"footnotes":""},"categories":[1],"tags":[197],"class_list":["post-14658","post","type-post","status-publish","format-standard","has-post-thumbnail","hentry","category-news","tag-pogrzeb"],"_links":{"self":[{"href":"https:\/\/ostrowskatv.pl\/index.php?rest_route=\/wp\/v2\/posts\/14658","targetHints":{"allow":["GET"]}}],"collection":[{"href":"https:\/\/ostrowskatv.pl\/index.php?rest_route=\/wp\/v2\/posts"}],"about":[{"href":"https:\/\/ostrowskatv.pl\/index.php?rest_route=\/wp\/v2\/types\/post"}],"author":[{"embeddable":true,"href":"https:\/\/ostrowskatv.pl\/index.php?rest_route=\/wp\/v2\/users\/1"}],"replies":[{"embeddable":true,"href":"https:\/\/ostrowskatv.pl\/index.php?rest_route=%2Fwp%2Fv2%2Fcomments&post=14658"}],"version-history":[{"count":0,"href":"https:\/\/ostrowskatv.pl\/index.php?rest_route=\/wp\/v2\/posts\/14658\/revisions"}],"wp:featuredmedia":[{"embeddable":true,"href":"https:\/\/ostrowskatv.pl\/index.php?rest_route=\/wp\/v2\/media\/14659"}],"wp:attachment":[{"href":"https:\/\/ostrowskatv.pl\/index.php?rest_route=%2Fwp%2Fv2%2Fmedia&parent=14658"}],"wp:term":[{"taxonomy":"category","embeddable":true,"href":"https:\/\/ostrowskatv.pl\/index.php?rest_route=%2Fwp%2Fv2%2Fcategories&post=14658"},{"taxonomy":"post_tag","embeddable":true,"href":"https:\/\/ostrowskatv.pl\/index.php?rest_route=%2Fwp%2Fv2%2Ftags&post=14658"}],"curies":[{"name":"wp","href":"https:\/\/api.w.org\/{rel}","templated":true}]}}