{"id":14638,"date":"2021-04-18T13:55:12","date_gmt":"2021-04-18T12:55:12","guid":{"rendered":"http:\/\/ostrowska.tv\/?p=14638"},"modified":"2021-04-18T14:43:21","modified_gmt":"2021-04-18T13:43:21","slug":"nalot-sanepidu-i-policji-na-restauracje-jedna-z-klientek-przeszla-sama-siebie","status":"publish","type":"post","link":"https:\/\/ostrowskatv.pl\/?p=14638","title":{"rendered":"Nalot Sanepidu i policji na restauracj\u0119. Jedna z klientek przesz\u0142a sam\u0105 siebie"},"content":{"rendered":"<p><strong>W sobotni wiecz\u00f3r oko\u0142o 50 os\u00f3b sp\u0119dza\u0142o mi\u0142o czas z przyjaci\u00f3\u0142ki w jednej z kaliskich restauracji, kt\u00f3rej progi w\u0142a\u015bciciel ponownie otworzy\u0142 z pocz\u0105tkiem marca 2021 r. W godzinach wieczornych Sanepid w asy\u015bcie oko\u0142o 30 policjant\u00f3w wszed\u0142 do \u015brodka.<\/strong><\/p>\n<p>Urz\u0119dniczki z kaliskiego Sanepidu rozpocz\u0119\u0142y kontrol\u0119, kt\u00f3ra zako\u0144czy\u0142a si\u0119 stwierdzeniem, \u017ce funkcjonowanie lokalu w obecnej formie zagra\u017ca utracie zdrowia i \u017cycia. To zdaniem kaliskich policjant\u00f3w da\u0142o im zielone \u015bwiat\u0142o do egzekucji decyzji. Dow\u00f3dca akcji zwr\u00f3ci\u0142 si\u0119 z propozycj\u0105 &#8222;nie do odrzucenia&#8221; by sam poinformowa\u0142 klient\u00f3w swojej restauracji o nakazie opuszczenia wn\u0119trza. W przeciwnym razie do akcji wkrocz\u0105 policjanci, czego \u017cadna ze stron nie chcia\u0142a.<\/p>\n<p>Na miejscu obecny by\u0142 dzia\u0142acz spo\u0142eczny Antoni Wieczorek z Ruchu Narodowego. Wcze\u015bniej doradza\u0142 restauratorom, kt\u00f3rzy odwa\u017cyli si\u0119 otworzy\u0107 lokale w Ostrowie Wielkopolskim.<\/p>\n<blockquote><p>&#8211; To kolejna interwencja policji. Tym razem jest z bardzo du\u017cym rozmachem. Do lokalu wesz\u0142o, bez okazania nakazu, bez okazania \u017cadnych papier\u00f3w, wesz\u0142o 35 policjant\u00f3w tak, \u017ce ledwo si\u0119 zmie\u015bcili. Generalnie rzecz bior\u0105c by\u0142o tak, \u017ce policja wesz\u0142a ogromnym t\u0142umem. Zrobi\u0142a ogromne zamieszanie, zacz\u0119\u0142a spisywa\u0107 ludzi bez podania podstawy prawnej. Generalnie rzecz bior\u0105c policja wesz\u0142a z sanepidem, ale Sanepid szybciutko si\u0119 ulotni\u0142. Zostawi\u0142 tylko swoje upowa\u017cnienia i przekaza\u0142 ca\u0142\u0105 spraw\u0119 policji. Policja dzisiaj wydaje si\u0119 \u017ce w Kaliszu w tej pierwszej otwartej restauracji kaliskiej robi\u00a0 poligon do\u015bwiadczalny, bo pr\u00f3buj\u0105 zamkn\u0105\u0107 restauracj\u0119 z zupe\u0142nie innego przepisu ni\u017c dotychczas. Gdyby to na co oni si\u0119 powo\u0142ywali dzisiaj nie mia\u0142o wad prawnych, nie mia\u0142o dziur, gdyby naprawd\u0119 by\u0142o faktycznie skuteczne, to ta metoda zosta\u0142aby zastosowana ju\u017c du\u017co wcze\u015bniej, przy okazji innych przedsi\u0119biorstw. &#8211; opowiada\u0142 Antoni Wieczorek.<\/p><\/blockquote>\n<p><strong>Jak zareagowali klienci?<\/strong><\/p>\n<blockquote><p>&#8211; Generalnie\u00a0 pozytywnie ma\u0142o kto ju\u017c si\u0119 przejmuje tym, \u017ce policja spisuje za to, \u017ce kto\u015b siedzi w restauracji, \u017ce kto\u015b nie ma maseczki, \u017ce kto\u015b konsumuje. Ci ludzie znaj\u0105 swoje prawa. S\u0105 to g\u0142\u00f3wnie ludzie m\u0142odzi, kt\u00f3rzy orientuj\u0105 si\u0119 w tym co jest w internecie. Orientuj\u0105 si\u0119, \u017ce s\u0105dy oddalaj\u0105 wszystkie wnioski o ukaranie, czy to za brak masek, czy to za w\u0142a\u015bnie otwieranie restauracji. Ci ludzie s\u0105 \u015bwiadomi, \u017ce takiego mandatu nie musz\u0105 przyjmowa\u0107. To wcale nie jest dobre, \u017ce ludzie trac\u0105 szacunek do prawa, ale takie s\u0105 efekty dzia\u0142a\u0144, przepis\u00f3w pisanych na kolanie podejmowanych przez obecny rz\u0105d. &#8211; relacjonowa\u0142 Antoni Wieczorek reakcje klient\u00f3w.<\/p><\/blockquote>\n<blockquote><p>&#8211; Po sanepidowskiej kontroli, kt\u00f3ra wygl\u0105da\u0142a dosy\u0107 groteskowo. Panie po 3 minutowym obej\u015bciu wok\u00f3\u0142 lokalu schowa\u0142y si\u0119 do auta. Tam napisa\u0142y sobie protok\u00f3\u0142. Wyda\u0142y od razu decyzj\u0119, kt\u00f3r\u0105 podpisa\u0142 Powiatowy Inspektor Sanitarny, kt\u00f3ry podobno te\u017c siedzia\u0142 w aucie. W decyzji stwierdzono po prostu rzeczy zupe\u0142nie niezgodne z faktami. Decyzja by\u0142a z rygorem natychmiastowej wykonalno\u015bci. Przedsi\u0119biorca ma zamkn\u0105\u0107 lokal. Mieli\u015bmy do czynienia wcze\u015bniej z takimi decyzjami.\u00a0 Obecna decyzja jest wydana na podstawie takiego artyku\u0142u, kt\u00f3ry skutkuje czy ewentualnie niewykonanie tej decyzji skutkuje na\u0142o\u017ceniem grzywny. Natomiast policja powo\u0142uj\u0105c si\u0119 na t\u0105 absurdalna podstaw\u0119 prawn\u0105 twierdzi, \u017ce ma prawo nad podstawie artyku\u0142u, z kt\u00f3rego wydaje si\u0119 grzywn\u0119, wyprowadza\u0107 ludzi na si\u0142\u0119 z lokalu. Na pewno wszyscy urz\u0119dnicy, kt\u00f3rzy dzisiaj brali udzia\u0142 w tym bezprawiu, zostan\u0105 poci\u0105gni\u0119ci z w\u0142asnej kieszeni do odpowiedzialno\u015bci za takie ra\u017c\u0105ce \u0142amanie prawa. &#8211; doda\u0142 na koniec Antoni Wieczorek.<\/p><\/blockquote>\n<p>Jedna z klientek widoczna na ostatnich zdj\u0119ciach czule obejmowa\u0142a funkcjonariuszy, poniewa\u017c nie podoba\u0142o jej si\u0119, \u017ce upojna noc dobieg\u0142a ko\u0144ca.<\/p>\n<div id='gallery-1' class='gallery galleryid-14638 gallery-columns-3 gallery-size-thumbnail'><figure class='gallery-item'>\n\t\t\t<div class='gallery-icon landscape'>\n\t\t\t\t<a href='https:\/\/ostrowskatv.pl\/wp-content\/uploads\/2021\/04\/IMG_20210417_222243-01.jpeg'><img loading=\"lazy\" decoding=\"async\" width=\"150\" height=\"150\" src=\"https:\/\/ostrowskatv.pl\/wp-content\/uploads\/2021\/04\/IMG_20210417_222243-01-150x150.jpeg\" class=\"attachment-thumbnail size-thumbnail\" alt=\"\" \/><\/a>\n\t\t\t<\/div><\/figure><figure class='gallery-item'>\n\t\t\t<div class='gallery-icon landscape'>\n\t\t\t\t<a href='https:\/\/ostrowskatv.pl\/wp-content\/uploads\/2021\/04\/IMG_20210417_222240-02.jpeg'><img loading=\"lazy\" decoding=\"async\" width=\"150\" height=\"150\" src=\"https:\/\/ostrowskatv.pl\/wp-content\/uploads\/2021\/04\/IMG_20210417_222240-02-150x150.jpeg\" class=\"attachment-thumbnail size-thumbnail\" alt=\"\" \/><\/a>\n\t\t\t<\/div><\/figure><figure class='gallery-item'>\n\t\t\t<div class='gallery-icon landscape'>\n\t\t\t\t<a href='https:\/\/ostrowskatv.pl\/wp-content\/uploads\/2021\/04\/IMG_20210417_230705-02.jpeg'><img loading=\"lazy\" decoding=\"async\" width=\"150\" height=\"150\" src=\"https:\/\/ostrowskatv.pl\/wp-content\/uploads\/2021\/04\/IMG_20210417_230705-02-150x150.jpeg\" class=\"attachment-thumbnail size-thumbnail\" alt=\"\" \/><\/a>\n\t\t\t<\/div><\/figure><figure class='gallery-item'>\n\t\t\t<div class='gallery-icon landscape'>\n\t\t\t\t<a href='https:\/\/ostrowskatv.pl\/wp-content\/uploads\/2021\/04\/IMG_20210417_222249-01.jpeg'><img loading=\"lazy\" decoding=\"async\" width=\"150\" height=\"150\" src=\"https:\/\/ostrowskatv.pl\/wp-content\/uploads\/2021\/04\/IMG_20210417_222249-01-150x150.jpeg\" class=\"attachment-thumbnail size-thumbnail\" alt=\"\" \/><\/a>\n\t\t\t<\/div><\/figure><figure class='gallery-item'>\n\t\t\t<div class='gallery-icon landscape'>\n\t\t\t\t<a href='https:\/\/ostrowskatv.pl\/wp-content\/uploads\/2021\/04\/kalisz-policja-restauracja1.jpg'><img loading=\"lazy\" decoding=\"async\" width=\"150\" height=\"150\" src=\"https:\/\/ostrowskatv.pl\/wp-content\/uploads\/2021\/04\/kalisz-policja-restauracja1-150x150.jpg\" class=\"attachment-thumbnail size-thumbnail\" alt=\"\" \/><\/a>\n\t\t\t<\/div><\/figure><figure class='gallery-item'>\n\t\t\t<div class='gallery-icon landscape'>\n\t\t\t\t<a href='https:\/\/ostrowskatv.pl\/wp-content\/uploads\/2021\/04\/kalisz-policja-restauracja2.jpg'><img loading=\"lazy\" decoding=\"async\" width=\"150\" height=\"150\" src=\"https:\/\/ostrowskatv.pl\/wp-content\/uploads\/2021\/04\/kalisz-policja-restauracja2-150x150.jpg\" class=\"attachment-thumbnail size-thumbnail\" alt=\"\" \/><\/a>\n\t\t\t<\/div><\/figure><figure class='gallery-item'>\n\t\t\t<div class='gallery-icon landscape'>\n\t\t\t\t<a href='https:\/\/ostrowskatv.pl\/wp-content\/uploads\/2021\/04\/kalisz-policja-restauracja3-1.jpg'><img loading=\"lazy\" decoding=\"async\" width=\"150\" height=\"150\" src=\"https:\/\/ostrowskatv.pl\/wp-content\/uploads\/2021\/04\/kalisz-policja-restauracja3-1-150x150.jpg\" class=\"attachment-thumbnail size-thumbnail\" alt=\"\" \/><\/a>\n\t\t\t<\/div><\/figure>\n\t\t<\/div>\n\n","protected":false},"excerpt":{"rendered":"W sobotni wiecz\u00f3r oko\u0142o 50 os\u00f3b sp\u0119dza\u0142o mi\u0142o czas z przyjaci\u00f3\u0142ki w jednej z kaliskich restauracji, kt\u00f3rej progi w\u0142a\u015bciciel ponownie otworzy\u0142 z pocz\u0105tkiem \n<a class=\"moretag\" href=\"https:\/\/ostrowskatv.pl\/?p=14638\"> [...]<\/a>","protected":false},"author":1,"featured_media":14643,"comment_status":"open","ping_status":"closed","sticky":false,"template":"","format":"standard","meta":{"footnotes":""},"categories":[1],"tags":[195],"class_list":["post-14638","post","type-post","status-publish","format-standard","has-post-thumbnail","hentry","category-news","tag-koronawirus"],"_links":{"self":[{"href":"https:\/\/ostrowskatv.pl\/index.php?rest_route=\/wp\/v2\/posts\/14638","targetHints":{"allow":["GET"]}}],"collection":[{"href":"https:\/\/ostrowskatv.pl\/index.php?rest_route=\/wp\/v2\/posts"}],"about":[{"href":"https:\/\/ostrowskatv.pl\/index.php?rest_route=\/wp\/v2\/types\/post"}],"author":[{"embeddable":true,"href":"https:\/\/ostrowskatv.pl\/index.php?rest_route=\/wp\/v2\/users\/1"}],"replies":[{"embeddable":true,"href":"https:\/\/ostrowskatv.pl\/index.php?rest_route=%2Fwp%2Fv2%2Fcomments&post=14638"}],"version-history":[{"count":0,"href":"https:\/\/ostrowskatv.pl\/index.php?rest_route=\/wp\/v2\/posts\/14638\/revisions"}],"wp:featuredmedia":[{"embeddable":true,"href":"https:\/\/ostrowskatv.pl\/index.php?rest_route=\/wp\/v2\/media\/14643"}],"wp:attachment":[{"href":"https:\/\/ostrowskatv.pl\/index.php?rest_route=%2Fwp%2Fv2%2Fmedia&parent=14638"}],"wp:term":[{"taxonomy":"category","embeddable":true,"href":"https:\/\/ostrowskatv.pl\/index.php?rest_route=%2Fwp%2Fv2%2Fcategories&post=14638"},{"taxonomy":"post_tag","embeddable":true,"href":"https:\/\/ostrowskatv.pl\/index.php?rest_route=%2Fwp%2Fv2%2Ftags&post=14638"}],"curies":[{"name":"wp","href":"https:\/\/api.w.org\/{rel}","templated":true}]}}