{"id":14630,"date":"2021-04-13T18:45:00","date_gmt":"2021-04-13T17:45:00","guid":{"rendered":"http:\/\/ostrowska.tv\/?p=14630"},"modified":"2021-04-13T18:45:43","modified_gmt":"2021-04-13T17:45:43","slug":"bmw-i-vw-kierowcy-chcieli-zostawic-uszkodzona-barierke","status":"publish","type":"post","link":"https:\/\/ostrowskatv.pl\/?p=14630","title":{"rendered":"BMW i VW &#8211; kierowcy chcieli zostawi\u0107 uszkodzone s\u0142upki?"},"content":{"rendered":"<p><strong>W niedzielne popo\u0142udnie na skrzy\u017cowaniu ulic Led\u00f3chowskiego i \u015amigielskiego w Ostrowie Wielkopolskim zderzy\u0142y si\u0119 BMW i Volkswagen. Kierowcy postanowili si\u0119 dogada\u0107 bez wzywania policji. By\u0142 jednak pewien problem<\/strong>.<\/p>\n<p>W wyniku kolizji dosz\u0142o do uszkodzenia bia\u0142oczerwonych s\u0142upk\u00f3w z \u0142a\u0144cuchami. Kierowcy zorganizowali ju\u017c sobie lawety i wygl\u0105da\u0142o na to, \u017ce zamierzaj\u0105 si\u0119 up\u0142ynni\u0107.<\/p>\n<p>\u015awiadek zdarzenia poinformowa\u0142 policj\u0119 o sytuacji i patrolowi uda\u0142o si\u0119 przyby\u0107 przed odjazdem BMW. Dzi\u0119ki temu ubezpieczenie OC sprawcy kolizji pokryje powsta\u0142e uszkodzenia.<\/p>\n<div id='gallery-1' class='gallery galleryid-14630 gallery-columns-3 gallery-size-thumbnail'><figure class='gallery-item'>\n\t\t\t<div class='gallery-icon landscape'>\n\t\t\t\t<a href='https:\/\/ostrowskatv.pl\/?attachment_id=14629'><img loading=\"lazy\" decoding=\"async\" width=\"150\" height=\"150\" src=\"https:\/\/ostrowskatv.pl\/wp-content\/uploads\/2021\/04\/IMG_20210411_174122-01-150x150.jpeg\" class=\"attachment-thumbnail size-thumbnail\" alt=\"\" \/><\/a>\n\t\t\t<\/div><\/figure><figure class='gallery-item'>\n\t\t\t<div class='gallery-icon landscape'>\n\t\t\t\t<a href='https:\/\/ostrowskatv.pl\/?attachment_id=14628'><img loading=\"lazy\" decoding=\"async\" width=\"150\" height=\"150\" src=\"https:\/\/ostrowskatv.pl\/wp-content\/uploads\/2021\/04\/IMG_20210411_174228-01-150x150.jpeg\" class=\"attachment-thumbnail size-thumbnail\" alt=\"\" \/><\/a>\n\t\t\t<\/div><\/figure><figure class='gallery-item'>\n\t\t\t<div class='gallery-icon landscape'>\n\t\t\t\t<a href='https:\/\/ostrowskatv.pl\/?attachment_id=14627'><img loading=\"lazy\" decoding=\"async\" width=\"150\" height=\"150\" src=\"https:\/\/ostrowskatv.pl\/wp-content\/uploads\/2021\/04\/IMG_20210411_173838-01-150x150.jpeg\" class=\"attachment-thumbnail size-thumbnail\" alt=\"\" \/><\/a>\n\t\t\t<\/div><\/figure>\n\t\t<\/div>\n\n<p>&nbsp;<\/p>\n","protected":false},"excerpt":{"rendered":"W niedzielne popo\u0142udnie na skrzy\u017cowaniu ulic Led\u00f3chowskiego i \u015amigielskiego w Ostrowie Wielkopolskim zderzy\u0142y si\u0119 BMW i Volkswagen. Kierowcy postanowili si\u0119 dogada\u0107 bez wzywania \n<a class=\"moretag\" href=\"https:\/\/ostrowskatv.pl\/?p=14630\"> [...]<\/a>","protected":false},"author":1,"featured_media":14629,"comment_status":"open","ping_status":"closed","sticky":false,"template":"","format":"standard","meta":{"footnotes":""},"categories":[1],"tags":[2],"class_list":["post-14630","post","type-post","status-publish","format-standard","has-post-thumbnail","hentry","category-news","tag-ostrow-wielkopolski"],"_links":{"self":[{"href":"https:\/\/ostrowskatv.pl\/index.php?rest_route=\/wp\/v2\/posts\/14630","targetHints":{"allow":["GET"]}}],"collection":[{"href":"https:\/\/ostrowskatv.pl\/index.php?rest_route=\/wp\/v2\/posts"}],"about":[{"href":"https:\/\/ostrowskatv.pl\/index.php?rest_route=\/wp\/v2\/types\/post"}],"author":[{"embeddable":true,"href":"https:\/\/ostrowskatv.pl\/index.php?rest_route=\/wp\/v2\/users\/1"}],"replies":[{"embeddable":true,"href":"https:\/\/ostrowskatv.pl\/index.php?rest_route=%2Fwp%2Fv2%2Fcomments&post=14630"}],"version-history":[{"count":0,"href":"https:\/\/ostrowskatv.pl\/index.php?rest_route=\/wp\/v2\/posts\/14630\/revisions"}],"wp:featuredmedia":[{"embeddable":true,"href":"https:\/\/ostrowskatv.pl\/index.php?rest_route=\/wp\/v2\/media\/14629"}],"wp:attachment":[{"href":"https:\/\/ostrowskatv.pl\/index.php?rest_route=%2Fwp%2Fv2%2Fmedia&parent=14630"}],"wp:term":[{"taxonomy":"category","embeddable":true,"href":"https:\/\/ostrowskatv.pl\/index.php?rest_route=%2Fwp%2Fv2%2Fcategories&post=14630"},{"taxonomy":"post_tag","embeddable":true,"href":"https:\/\/ostrowskatv.pl\/index.php?rest_route=%2Fwp%2Fv2%2Ftags&post=14630"}],"curies":[{"name":"wp","href":"https:\/\/api.w.org\/{rel}","templated":true}]}}