{"id":14621,"date":"2021-04-12T21:37:04","date_gmt":"2021-04-12T20:37:04","guid":{"rendered":"http:\/\/ostrowska.tv\/?p=14621"},"modified":"2021-04-12T21:37:04","modified_gmt":"2021-04-12T20:37:04","slug":"kierowca-autobusu-wjechal-na-czerwonym","status":"publish","type":"post","link":"https:\/\/ostrowskatv.pl\/?p=14621","title":{"rendered":"Kierowca autobusu wjecha\u0142 na czerwonym?"},"content":{"rendered":"<p><strong>W poniedzialek oko\u0142o godziny 21.30 na skrzy\u017cowaniu ulic Krotoszy\u0144skiej i Pozna\u0144skiej zderzy\u0142y si\u0119 autobus MZK oraz osob\u00f3wka VW sharan<\/strong><strong style=\"font-size: 1rem;\">. Ze wst\u0119pnych ustale\u0144 wynika, \u017ce kierowca autobusu wjecha\u0142 na skrzy\u017cowanie na czerwonym \u015bwietle.<\/strong><\/p>\n<p>Dw\u00f3ch m\u0142odych m\u0119\u017cczyzn jecha\u0142o volkswagenem ulic\u0105 krotoszy\u0144sk\u0105 od strony wiaduktu. Na skrzy\u017cowanie z ulic\u0105 Pozna\u0144sk\u0105 mieli wjecha\u0107 na &#8222;p\u00f3\u017anym zielonym&#8221;. Z ulicy Pozna\u0144skiej wyje\u017cd\u017ca\u0142 autobus linii 5B. Jego kierowca nie bardzo pami\u0119ta\u0142 jakie by\u0142o \u015bwiat\u0142o na sygnalizatorze.<\/p>\n<p>Po analizie przyj\u0119to wersj\u0119, \u017ce kierowca autobusu zasugerowa\u0142 si\u0119 zielon\u0105 strza\u0142k\u0105 warunkow\u0105 do skr\u0119tu w prawo i wjecha\u0142 na skrzy\u017cowanie doprowadzaj\u0105c do kolizji z osob\u00f3wk\u0105. W zdarzeniu nikt nie ucierpia\u0142.<\/p>\n<div id='gallery-1' class='gallery galleryid-14621 gallery-columns-3 gallery-size-thumbnail'><figure class='gallery-item'>\n\t\t\t<div class='gallery-icon landscape'>\n\t\t\t\t<a href='https:\/\/ostrowskatv.pl\/?attachment_id=14623'><img loading=\"lazy\" decoding=\"async\" width=\"150\" height=\"150\" src=\"https:\/\/ostrowskatv.pl\/wp-content\/uploads\/2021\/04\/IMG_20210412_215739-01-150x150.jpeg\" class=\"attachment-thumbnail size-thumbnail\" alt=\"\" \/><\/a>\n\t\t\t<\/div><\/figure><figure class='gallery-item'>\n\t\t\t<div class='gallery-icon landscape'>\n\t\t\t\t<a href='https:\/\/ostrowskatv.pl\/?attachment_id=14624'><img loading=\"lazy\" decoding=\"async\" width=\"150\" height=\"150\" src=\"https:\/\/ostrowskatv.pl\/wp-content\/uploads\/2021\/04\/IMG_20210412_220248-01-150x150.jpeg\" class=\"attachment-thumbnail size-thumbnail\" alt=\"\" \/><\/a>\n\t\t\t<\/div><\/figure><figure class='gallery-item'>\n\t\t\t<div class='gallery-icon landscape'>\n\t\t\t\t<a href='https:\/\/ostrowskatv.pl\/?attachment_id=14625'><img loading=\"lazy\" decoding=\"async\" width=\"150\" height=\"150\" src=\"https:\/\/ostrowskatv.pl\/wp-content\/uploads\/2021\/04\/IMG_20210412_220258-01-150x150.jpeg\" class=\"attachment-thumbnail size-thumbnail\" alt=\"\" \/><\/a>\n\t\t\t<\/div><\/figure>\n\t\t<\/div>\n\n","protected":false},"excerpt":{"rendered":"W poniedzialek oko\u0142o godziny 21.30 na skrzy\u017cowaniu ulic Krotoszy\u0144skiej i Pozna\u0144skiej zderzy\u0142y si\u0119 autobus MZK oraz osob\u00f3wka VW sharan. Ze wst\u0119pnych ustale\u0144 wynika, \n<a class=\"moretag\" href=\"https:\/\/ostrowskatv.pl\/?p=14621\"> [...]<\/a>","protected":false},"author":1,"featured_media":14623,"comment_status":"open","ping_status":"closed","sticky":false,"template":"","format":"standard","meta":{"footnotes":""},"categories":[1],"tags":[48],"class_list":["post-14621","post","type-post","status-publish","format-standard","has-post-thumbnail","hentry","category-news","tag-kolizja"],"_links":{"self":[{"href":"https:\/\/ostrowskatv.pl\/index.php?rest_route=\/wp\/v2\/posts\/14621","targetHints":{"allow":["GET"]}}],"collection":[{"href":"https:\/\/ostrowskatv.pl\/index.php?rest_route=\/wp\/v2\/posts"}],"about":[{"href":"https:\/\/ostrowskatv.pl\/index.php?rest_route=\/wp\/v2\/types\/post"}],"author":[{"embeddable":true,"href":"https:\/\/ostrowskatv.pl\/index.php?rest_route=\/wp\/v2\/users\/1"}],"replies":[{"embeddable":true,"href":"https:\/\/ostrowskatv.pl\/index.php?rest_route=%2Fwp%2Fv2%2Fcomments&post=14621"}],"version-history":[{"count":0,"href":"https:\/\/ostrowskatv.pl\/index.php?rest_route=\/wp\/v2\/posts\/14621\/revisions"}],"wp:featuredmedia":[{"embeddable":true,"href":"https:\/\/ostrowskatv.pl\/index.php?rest_route=\/wp\/v2\/media\/14623"}],"wp:attachment":[{"href":"https:\/\/ostrowskatv.pl\/index.php?rest_route=%2Fwp%2Fv2%2Fmedia&parent=14621"}],"wp:term":[{"taxonomy":"category","embeddable":true,"href":"https:\/\/ostrowskatv.pl\/index.php?rest_route=%2Fwp%2Fv2%2Fcategories&post=14621"},{"taxonomy":"post_tag","embeddable":true,"href":"https:\/\/ostrowskatv.pl\/index.php?rest_route=%2Fwp%2Fv2%2Ftags&post=14621"}],"curies":[{"name":"wp","href":"https:\/\/api.w.org\/{rel}","templated":true}]}}