{"id":1462,"date":"2016-05-23T21:45:11","date_gmt":"2016-05-23T20:45:11","guid":{"rendered":"http:\/\/ostrowska.tv\/?p=1462"},"modified":"2016-05-23T21:49:35","modified_gmt":"2016-05-23T20:49:35","slug":"pacjentka-wywolala-alarm-w-szpitalu","status":"publish","type":"post","link":"https:\/\/ostrowskatv.pl\/?p=1462","title":{"rendered":"Pacjentka wywo\u0142a\u0142a alarm w szpitalu"},"content":{"rendered":"<p><strong>Pacjentka oddzia\u0142u internistycznego (wewn\u0119trznego) w ostrowskim szpitalu wywo\u0142a\u0142a alarm po\u017carowy. Spowodowa\u0142o to zadysponowanie trzech woz\u00f3w stra\u017cy po\u017carnej. Do zdarzenia dosz\u0142o w poniedzia\u0142ek ok. godz. 22:00.<\/strong><\/p>\n<p>Jak uda\u0142o si\u0119 ustali\u0107, pacjentka ju\u017c od wczoraj nie wiedzia\u0142a co z sob\u0105 zrobi\u0107. Dlatego dzisiaj postanowi\u0142a zbi\u0107 szybk\u0119 i wywo\u0142a\u0107 alarm po\u017carowy. Ostrowski szpital jest wyposa\u017cony w automatyczny system oddymiaj\u0105cy oraz ostrzegania pacjent\u00f3w i personelu o zagro\u017ceniu.<\/p>\n<p>Co ciekawe, komunikat s\u0142yszalny z g\u0142o\u015bnik\u00f3w o tre\u015bci: <strong>&#8222;UWAGA UWAGA, W budynku zosta\u0142 wykryty po\u017car. Prosz\u0119 przerwa\u0107 wszelkie czynno\u015bci i uda\u0107 si\u0119 do oznakowanych wyj\u015b\u0107 ewakuacyjnych. Ze wzgl\u0119d\u00f3w bezpiecze\u0144stwa, korzystanie z wind jest zabronione&#8221;<\/strong> nie zrobi\u0142 na nikim wi\u0119kszego wra\u017cenia. \u017baden z pacjent\u00f3w nie opu\u015bci\u0142 jakiegokolwiek oddzia\u0142u. A co gdyby faktycznie si\u0119 pali\u0142o?<\/p>\n<p>Okazuje si\u0119, \u017ce personel oddzia\u0142u wewn\u0119trznego nawet gdy ju\u017c pozna\u0142 przyczyn\u0119 powstania alarmu, nie by\u0142 w stanie samodzielnie go wy\u0142\u0105czy\u0107, poniewa\u017c po wduszeniu przycisku, mo\u017cna go wy\u0142\u0105czy\u0107 tylko w portierni, a w dodatku trzeba zna\u0107 specjalne kody zabezpieczaj\u0105ce. Jest to tzw. system z podw\u00f3jnym zabezpieczeniem.<\/p>\n<p>&nbsp;<\/p>\n<p>Z drugiej strony, gdyby pacjenci wzi\u0119li na serio komunikat, niejeden m\u00f3g\u0142by dosta\u0107 zawa\u0142u, wiedz\u0105c, \u017ce jest schorowany i najpewniej sp\u0142onie. Zobaczymy jaki los spotka niepowa\u017cn\u0105 pacjentk\u0119.<\/p>\n<div id='gallery-1' class='gallery galleryid-1462 gallery-columns-3 gallery-size-thumbnail'><figure class='gallery-item'>\n\t\t\t<div class='gallery-icon landscape'>\n\t\t\t\t<a href='https:\/\/ostrowskatv.pl\/?attachment_id=1464'><img loading=\"lazy\" decoding=\"async\" width=\"150\" height=\"150\" src=\"https:\/\/ostrowskatv.pl\/wp-content\/uploads\/2016\/05\/szpital-straz-4-150x150.jpg\" class=\"attachment-thumbnail size-thumbnail\" alt=\"\" \/><\/a>\n\t\t\t<\/div><\/figure><figure class='gallery-item'>\n\t\t\t<div class='gallery-icon landscape'>\n\t\t\t\t<a href='https:\/\/ostrowskatv.pl\/?attachment_id=1465'><img loading=\"lazy\" decoding=\"async\" width=\"150\" height=\"150\" src=\"https:\/\/ostrowskatv.pl\/wp-content\/uploads\/2016\/05\/szpital-straz-3-150x150.jpg\" class=\"attachment-thumbnail size-thumbnail\" alt=\"\" \/><\/a>\n\t\t\t<\/div><\/figure><figure class='gallery-item'>\n\t\t\t<div class='gallery-icon landscape'>\n\t\t\t\t<a href='https:\/\/ostrowskatv.pl\/?attachment_id=1466'><img loading=\"lazy\" decoding=\"async\" width=\"150\" height=\"150\" src=\"https:\/\/ostrowskatv.pl\/wp-content\/uploads\/2016\/05\/straz-szpital1-150x150.jpg\" class=\"attachment-thumbnail size-thumbnail\" alt=\"\" \/><\/a>\n\t\t\t<\/div><\/figure><figure class='gallery-item'>\n\t\t\t<div class='gallery-icon landscape'>\n\t\t\t\t<a href='https:\/\/ostrowskatv.pl\/?attachment_id=1463'><img loading=\"lazy\" decoding=\"async\" width=\"150\" height=\"150\" src=\"https:\/\/ostrowskatv.pl\/wp-content\/uploads\/2016\/05\/szpital-straz-2-150x150.jpg\" class=\"attachment-thumbnail size-thumbnail\" alt=\"\" \/><\/a>\n\t\t\t<\/div><\/figure>\n\t\t<\/div>\n\n<div style=\"width: 640px;\" class=\"wp-video\"><video class=\"wp-video-shortcode\" id=\"video-1462-1\" width=\"640\" height=\"360\" preload=\"metadata\" controls=\"controls\"><source type=\"video\/mp4\" src=\"http:\/\/ostrowska.tv\/wp-content\/uploads\/2016\/05\/szpital-alarm.mp4?_=1\" \/><a href=\"http:\/\/ostrowska.tv\/wp-content\/uploads\/2016\/05\/szpital-alarm.mp4\">http:\/\/ostrowska.tv\/wp-content\/uploads\/2016\/05\/szpital-alarm.mp4<\/a><\/video><\/div>\n","protected":false},"excerpt":{"rendered":"Pacjentka oddzia\u0142u internistycznego (wewn\u0119trznego) w ostrowskim szpitalu wywo\u0142a\u0142a alarm po\u017carowy. Spowodowa\u0142o to zadysponowanie trzech woz\u00f3w stra\u017cy po\u017carnej. Do zdarzenia dosz\u0142o w poniedzia\u0142ek ok. \n<a class=\"moretag\" href=\"https:\/\/ostrowskatv.pl\/?p=1462\"> [...]<\/a>","protected":false},"author":1,"featured_media":1463,"comment_status":"open","ping_status":"open","sticky":false,"template":"","format":"standard","meta":{"footnotes":""},"categories":[1],"tags":[2],"class_list":["post-1462","post","type-post","status-publish","format-standard","has-post-thumbnail","hentry","category-news","tag-ostrow-wielkopolski"],"_links":{"self":[{"href":"https:\/\/ostrowskatv.pl\/index.php?rest_route=\/wp\/v2\/posts\/1462","targetHints":{"allow":["GET"]}}],"collection":[{"href":"https:\/\/ostrowskatv.pl\/index.php?rest_route=\/wp\/v2\/posts"}],"about":[{"href":"https:\/\/ostrowskatv.pl\/index.php?rest_route=\/wp\/v2\/types\/post"}],"author":[{"embeddable":true,"href":"https:\/\/ostrowskatv.pl\/index.php?rest_route=\/wp\/v2\/users\/1"}],"replies":[{"embeddable":true,"href":"https:\/\/ostrowskatv.pl\/index.php?rest_route=%2Fwp%2Fv2%2Fcomments&post=1462"}],"version-history":[{"count":0,"href":"https:\/\/ostrowskatv.pl\/index.php?rest_route=\/wp\/v2\/posts\/1462\/revisions"}],"wp:featuredmedia":[{"embeddable":true,"href":"https:\/\/ostrowskatv.pl\/index.php?rest_route=\/wp\/v2\/media\/1463"}],"wp:attachment":[{"href":"https:\/\/ostrowskatv.pl\/index.php?rest_route=%2Fwp%2Fv2%2Fmedia&parent=1462"}],"wp:term":[{"taxonomy":"category","embeddable":true,"href":"https:\/\/ostrowskatv.pl\/index.php?rest_route=%2Fwp%2Fv2%2Fcategories&post=1462"},{"taxonomy":"post_tag","embeddable":true,"href":"https:\/\/ostrowskatv.pl\/index.php?rest_route=%2Fwp%2Fv2%2Ftags&post=1462"}],"curies":[{"name":"wp","href":"https:\/\/api.w.org\/{rel}","templated":true}]}}