{"id":14619,"date":"2021-04-12T14:10:58","date_gmt":"2021-04-12T13:10:58","guid":{"rendered":"http:\/\/ostrowska.tv\/?p=14619"},"modified":"2021-04-12T14:10:58","modified_gmt":"2021-04-12T13:10:58","slug":"nagral-swoja-ucieczke-policja-postawila-zarzuty","status":"publish","type":"post","link":"https:\/\/ostrowskatv.pl\/?p=14619","title":{"rendered":"Nagra\u0142 swoj\u0105 ucieczk\u0119 &#8211; policja postawi\u0142a zarzuty"},"content":{"rendered":"<p><strong>Na facebooku pojawi\u0142o si\u0119 nagranie na kt\u00f3rym wida\u0107 niezatrzymuj\u0105cego si\u0119 m\u0119\u017cczyzn\u0119, za kt\u00f3rym pod\u0105\u017ca\u0142 radiow\u00f3z z w\u0142\u0105czonymi sygna\u0142ami \u015bwietlno-d\u017awi\u0119kowymi. Funkcjonariusze postawili mieszka\u0144cowi powiatu ostrowskiego kilka zarzut\u00f3w:<\/strong><\/p>\n<ul>\n<li>Przest\u0119pstwa: zniewa\u017cenie funkcjonariuszy i niezatrzymania si\u0119 do kontroli drogowej. Wykroczenia: brak maseczki, brak zapi\u0119tych pas\u00f3w i u\u017cywania telefonu kom\u00f3rkowego.<\/li>\n<\/ul>\n","protected":false},"excerpt":{"rendered":"Na facebooku pojawi\u0142o si\u0119 nagranie na kt\u00f3rym wida\u0107 niezatrzymuj\u0105cego si\u0119 m\u0119\u017cczyzn\u0119, za kt\u00f3rym pod\u0105\u017ca\u0142 radiow\u00f3z z w\u0142\u0105czonymi sygna\u0142ami \u015bwietlno-d\u017awi\u0119kowymi. Funkcjonariusze postawili mieszka\u0144cowi powiatu \n<a class=\"moretag\" href=\"https:\/\/ostrowskatv.pl\/?p=14619\"> [...]<\/a>","protected":false},"author":1,"featured_media":1973,"comment_status":"open","ping_status":"closed","sticky":false,"template":"","format":"standard","meta":{"footnotes":""},"categories":[1],"tags":[2],"class_list":["post-14619","post","type-post","status-publish","format-standard","has-post-thumbnail","hentry","category-news","tag-ostrow-wielkopolski"],"_links":{"self":[{"href":"https:\/\/ostrowskatv.pl\/index.php?rest_route=\/wp\/v2\/posts\/14619","targetHints":{"allow":["GET"]}}],"collection":[{"href":"https:\/\/ostrowskatv.pl\/index.php?rest_route=\/wp\/v2\/posts"}],"about":[{"href":"https:\/\/ostrowskatv.pl\/index.php?rest_route=\/wp\/v2\/types\/post"}],"author":[{"embeddable":true,"href":"https:\/\/ostrowskatv.pl\/index.php?rest_route=\/wp\/v2\/users\/1"}],"replies":[{"embeddable":true,"href":"https:\/\/ostrowskatv.pl\/index.php?rest_route=%2Fwp%2Fv2%2Fcomments&post=14619"}],"version-history":[{"count":0,"href":"https:\/\/ostrowskatv.pl\/index.php?rest_route=\/wp\/v2\/posts\/14619\/revisions"}],"wp:featuredmedia":[{"embeddable":true,"href":"https:\/\/ostrowskatv.pl\/index.php?rest_route=\/wp\/v2\/media\/1973"}],"wp:attachment":[{"href":"https:\/\/ostrowskatv.pl\/index.php?rest_route=%2Fwp%2Fv2%2Fmedia&parent=14619"}],"wp:term":[{"taxonomy":"category","embeddable":true,"href":"https:\/\/ostrowskatv.pl\/index.php?rest_route=%2Fwp%2Fv2%2Fcategories&post=14619"},{"taxonomy":"post_tag","embeddable":true,"href":"https:\/\/ostrowskatv.pl\/index.php?rest_route=%2Fwp%2Fv2%2Ftags&post=14619"}],"curies":[{"name":"wp","href":"https:\/\/api.w.org\/{rel}","templated":true}]}}