{"id":14584,"date":"2021-04-08T15:28:18","date_gmt":"2021-04-08T14:28:18","guid":{"rendered":"http:\/\/ostrowska.tv\/?p=14584"},"modified":"2021-04-08T15:32:20","modified_gmt":"2021-04-08T14:32:20","slug":"starcie-tytanow-bmw-i-cinquecento","status":"publish","type":"post","link":"https:\/\/ostrowskatv.pl\/?p=14584","title":{"rendered":"Starcie tytan\u00f3w &#8211; BMW i Cinquecento"},"content":{"rendered":"<p><strong>Dwie mocne marki BMW, ale nie rz\u0105dowe i fiat cinquecento zderzy\u0142y si\u0119 w Ostrowie Wielkopolskim. Kto wyszed\u0142 z tego pojedynku lepiej? <\/strong><\/p>\n<p>Mieszkanka gminy So\u015bnie jecha\u0142a ulic\u0105 Spichrzow\u0105 kieruj\u0105c fiatem. Przy doje\u017adzie do skrzy\u017cowania nie ust\u0105pi\u0142a pierwszenstwa przejazdu BMW jad\u0105cemu ulic\u0105 Wodn\u0105.<\/p>\n<p>M\u0142oda kobieta zagapi\u0142a si\u0119 na nawigacj\u0119 i nie zauwa\u017cy\u0142a, \u017ce w tym miejscu jest tzw. \u0142amane pierwsze\u0144stwo przejazdu. Jad\u0105c na wprost doprowadzi\u0142a do tego, \u017ce BMW wjecha\u0142o przodem w jej prawe ko\u0142o. Kieruj\u0105c\u0105 ukarano mandatem karnym. Jako smaczek mo\u017cna doda\u0107,.ze na tylnej szybie znajdowa\u0142o si\u0119 &#8222;tajemnicze&#8221; 8 gwiazdek ***** ***<\/p>\n<div id='gallery-1' class='gallery galleryid-14584 gallery-columns-3 gallery-size-thumbnail'><figure class='gallery-item'>\n\t\t\t<div class='gallery-icon landscape'>\n\t\t\t\t<a href='https:\/\/ostrowskatv.pl\/?attachment_id=14582'><img loading=\"lazy\" decoding=\"async\" width=\"150\" height=\"150\" src=\"https:\/\/ostrowskatv.pl\/wp-content\/uploads\/2021\/04\/IMG_20210408_084804-01-150x150.jpeg\" class=\"attachment-thumbnail size-thumbnail\" alt=\"\" \/><\/a>\n\t\t\t<\/div><\/figure><figure class='gallery-item'>\n\t\t\t<div class='gallery-icon landscape'>\n\t\t\t\t<a href='https:\/\/ostrowskatv.pl\/?attachment_id=14581'><img loading=\"lazy\" decoding=\"async\" width=\"150\" height=\"150\" src=\"https:\/\/ostrowskatv.pl\/wp-content\/uploads\/2021\/04\/IMG_20210408_084418-01-150x150.jpeg\" class=\"attachment-thumbnail size-thumbnail\" alt=\"\" \/><\/a>\n\t\t\t<\/div><\/figure><figure class='gallery-item'>\n\t\t\t<div class='gallery-icon portrait'>\n\t\t\t\t<a href='https:\/\/ostrowskatv.pl\/?attachment_id=14580'><img loading=\"lazy\" decoding=\"async\" width=\"150\" height=\"150\" src=\"https:\/\/ostrowskatv.pl\/wp-content\/uploads\/2021\/04\/IMG_20210408_084436-01-150x150.jpeg\" class=\"attachment-thumbnail size-thumbnail\" alt=\"\" \/><\/a>\n\t\t\t<\/div><\/figure>\n\t\t<\/div>\n\n","protected":false},"excerpt":{"rendered":"Dwie mocne marki BMW, ale nie rz\u0105dowe i fiat cinquecento zderzy\u0142y si\u0119 w Ostrowie Wielkopolskim. Kto wyszed\u0142 z tego pojedynku lepiej? Mieszkanka gminy \n<a class=\"moretag\" href=\"https:\/\/ostrowskatv.pl\/?p=14584\"> [...]<\/a>","protected":false},"author":1,"featured_media":14587,"comment_status":"open","ping_status":"closed","sticky":false,"template":"","format":"standard","meta":{"footnotes":""},"categories":[1],"tags":[2],"class_list":["post-14584","post","type-post","status-publish","format-standard","has-post-thumbnail","hentry","category-news","tag-ostrow-wielkopolski"],"_links":{"self":[{"href":"https:\/\/ostrowskatv.pl\/index.php?rest_route=\/wp\/v2\/posts\/14584","targetHints":{"allow":["GET"]}}],"collection":[{"href":"https:\/\/ostrowskatv.pl\/index.php?rest_route=\/wp\/v2\/posts"}],"about":[{"href":"https:\/\/ostrowskatv.pl\/index.php?rest_route=\/wp\/v2\/types\/post"}],"author":[{"embeddable":true,"href":"https:\/\/ostrowskatv.pl\/index.php?rest_route=\/wp\/v2\/users\/1"}],"replies":[{"embeddable":true,"href":"https:\/\/ostrowskatv.pl\/index.php?rest_route=%2Fwp%2Fv2%2Fcomments&post=14584"}],"version-history":[{"count":0,"href":"https:\/\/ostrowskatv.pl\/index.php?rest_route=\/wp\/v2\/posts\/14584\/revisions"}],"wp:featuredmedia":[{"embeddable":true,"href":"https:\/\/ostrowskatv.pl\/index.php?rest_route=\/wp\/v2\/media\/14587"}],"wp:attachment":[{"href":"https:\/\/ostrowskatv.pl\/index.php?rest_route=%2Fwp%2Fv2%2Fmedia&parent=14584"}],"wp:term":[{"taxonomy":"category","embeddable":true,"href":"https:\/\/ostrowskatv.pl\/index.php?rest_route=%2Fwp%2Fv2%2Fcategories&post=14584"},{"taxonomy":"post_tag","embeddable":true,"href":"https:\/\/ostrowskatv.pl\/index.php?rest_route=%2Fwp%2Fv2%2Ftags&post=14584"}],"curies":[{"name":"wp","href":"https:\/\/api.w.org\/{rel}","templated":true}]}}