{"id":14474,"date":"2021-03-29T22:08:11","date_gmt":"2021-03-29T21:08:11","guid":{"rendered":"http:\/\/ostrowska.tv\/?p=14474"},"modified":"2021-03-30T01:50:51","modified_gmt":"2021-03-30T00:50:51","slug":"pozar-pociagu-w-sosniach","status":"publish","type":"post","link":"https:\/\/ostrowskatv.pl\/?p=14474","title":{"rendered":"Po\u017car poci\u0105gu w So\u015bniach (aktualizacja)"},"content":{"rendered":"<p><strong>W poniedzia\u0142ek oko\u0142o godz. 22 dosz\u0142o do po\u017caru poci\u0105gu osobowego typu EZT relacji Wroc\u0142aw &#8211; Ostr\u00f3w Wielkopolski. Po\u017car zauwa\u017cy\u0142 kierownik sk\u0142adu, kiedy poci\u0105g zatrzyma\u0142 si\u0119 na stacji So\u015bnie Ostrowskie. <\/strong><\/p>\n<p>Pracownik polregio dostrzeg\u0142 wydobywaj\u0105cy si\u0119 dym przez ostatnie drzwi. Na miejsce wys\u0142ano 3 zast\u0119py stra\u017cy po\u017carnej. Po doje\u017adzie rozpocz\u0119to akcj\u0119 ga\u015bnicz\u0105. Ogie\u0144 zd\u0105\u017cy\u0142 strawi\u0107 2\/3 d\u0142ugo\u015bci poci\u0105gu. <\/p>\n<p>Podr\u00f3\u017cowa\u0142y nim 4 osoby, w tym dw\u00f3ch pasa\u017cer\u00f3w i 2 osoby z obs\u0142ugi. Wst\u0119pnie podejrzewa si\u0119 zwarcie w instalacji elektrycznej. Mia\u0142 to by\u0107 ostatni rok u\u017cytkowania tego poci\u0105gu. Nikt nie zosta\u0142 poszkodowany.<\/p>\n<div id='gallery-1' class='gallery galleryid-14474 gallery-columns-3 gallery-size-thumbnail'><figure class='gallery-item'>\n\t\t\t<div class='gallery-icon landscape'>\n\t\t\t\t<a href='https:\/\/ostrowskatv.pl\/?attachment_id=14479'><img loading=\"lazy\" decoding=\"async\" width=\"150\" height=\"150\" src=\"https:\/\/ostrowskatv.pl\/wp-content\/uploads\/2021\/03\/IMG_20210330_000518-01-150x150.jpeg\" class=\"attachment-thumbnail size-thumbnail\" alt=\"\" \/><\/a>\n\t\t\t<\/div><\/figure><figure class='gallery-item'>\n\t\t\t<div class='gallery-icon landscape'>\n\t\t\t\t<a href='https:\/\/ostrowskatv.pl\/?attachment_id=14480'><img loading=\"lazy\" decoding=\"async\" width=\"150\" height=\"150\" src=\"https:\/\/ostrowskatv.pl\/wp-content\/uploads\/2021\/03\/IMG_20210330_002314-01-150x150.jpeg\" class=\"attachment-thumbnail size-thumbnail\" alt=\"\" \/><\/a>\n\t\t\t<\/div><\/figure><figure class='gallery-item'>\n\t\t\t<div class='gallery-icon portrait'>\n\t\t\t\t<a href='https:\/\/ostrowskatv.pl\/?attachment_id=14481'><img loading=\"lazy\" decoding=\"async\" width=\"150\" height=\"150\" src=\"https:\/\/ostrowskatv.pl\/wp-content\/uploads\/2021\/03\/IMG_20210330_002350-01-150x150.jpeg\" class=\"attachment-thumbnail size-thumbnail\" alt=\"\" \/><\/a>\n\t\t\t<\/div><\/figure><figure class='gallery-item'>\n\t\t\t<div class='gallery-icon landscape'>\n\t\t\t\t<a href='https:\/\/ostrowskatv.pl\/?attachment_id=14482'><img loading=\"lazy\" decoding=\"async\" width=\"150\" height=\"150\" src=\"https:\/\/ostrowskatv.pl\/wp-content\/uploads\/2021\/03\/IMG_20210330_002652-01-150x150.jpeg\" class=\"attachment-thumbnail size-thumbnail\" alt=\"\" \/><\/a>\n\t\t\t<\/div><\/figure><figure class='gallery-item'>\n\t\t\t<div class='gallery-icon landscape'>\n\t\t\t\t<a href='https:\/\/ostrowskatv.pl\/?attachment_id=14483'><img loading=\"lazy\" decoding=\"async\" width=\"150\" height=\"150\" src=\"https:\/\/ostrowskatv.pl\/wp-content\/uploads\/2021\/03\/IMG_20210330_004031-01-150x150.jpeg\" class=\"attachment-thumbnail size-thumbnail\" alt=\"\" \/><\/a>\n\t\t\t<\/div><\/figure><figure class='gallery-item'>\n\t\t\t<div class='gallery-icon landscape'>\n\t\t\t\t<a href='https:\/\/ostrowskatv.pl\/?attachment_id=14484'><img loading=\"lazy\" decoding=\"async\" width=\"150\" height=\"150\" src=\"https:\/\/ostrowskatv.pl\/wp-content\/uploads\/2021\/03\/IMG_20210330_004716-01-150x150.jpeg\" class=\"attachment-thumbnail size-thumbnail\" alt=\"\" \/><\/a>\n\t\t\t<\/div><\/figure><figure class='gallery-item'>\n\t\t\t<div class='gallery-icon landscape'>\n\t\t\t\t<a href='https:\/\/ostrowskatv.pl\/?attachment_id=14485'><img loading=\"lazy\" decoding=\"async\" width=\"150\" height=\"150\" src=\"https:\/\/ostrowskatv.pl\/wp-content\/uploads\/2021\/03\/IMG_20210330_005046-01-150x150.jpeg\" class=\"attachment-thumbnail size-thumbnail\" alt=\"\" \/><\/a>\n\t\t\t<\/div><\/figure><figure class='gallery-item'>\n\t\t\t<div class='gallery-icon landscape'>\n\t\t\t\t<a href='https:\/\/ostrowskatv.pl\/?attachment_id=14486'><img loading=\"lazy\" decoding=\"async\" width=\"150\" height=\"150\" src=\"https:\/\/ostrowskatv.pl\/wp-content\/uploads\/2021\/03\/IMG_20210330_005202-01-150x150.jpeg\" class=\"attachment-thumbnail size-thumbnail\" alt=\"\" \/><\/a>\n\t\t\t<\/div><\/figure>\n\t\t<\/div>\n\n","protected":false},"excerpt":{"rendered":"W poniedzia\u0142ek oko\u0142o godz. 22 dosz\u0142o do po\u017caru poci\u0105gu osobowego typu EZT relacji Wroc\u0142aw &#8211; Ostr\u00f3w Wielkopolski. Po\u017car zauwa\u017cy\u0142 kierownik sk\u0142adu, kiedy poci\u0105g \n<a class=\"moretag\" href=\"https:\/\/ostrowskatv.pl\/?p=14474\"> [...]<\/a>","protected":false},"author":1,"featured_media":14475,"comment_status":"open","ping_status":"closed","sticky":false,"template":"","format":"standard","meta":{"footnotes":""},"categories":[1],"tags":[122],"class_list":["post-14474","post","type-post","status-publish","format-standard","has-post-thumbnail","hentry","category-news","tag-gm-sosnie"],"_links":{"self":[{"href":"https:\/\/ostrowskatv.pl\/index.php?rest_route=\/wp\/v2\/posts\/14474","targetHints":{"allow":["GET"]}}],"collection":[{"href":"https:\/\/ostrowskatv.pl\/index.php?rest_route=\/wp\/v2\/posts"}],"about":[{"href":"https:\/\/ostrowskatv.pl\/index.php?rest_route=\/wp\/v2\/types\/post"}],"author":[{"embeddable":true,"href":"https:\/\/ostrowskatv.pl\/index.php?rest_route=\/wp\/v2\/users\/1"}],"replies":[{"embeddable":true,"href":"https:\/\/ostrowskatv.pl\/index.php?rest_route=%2Fwp%2Fv2%2Fcomments&post=14474"}],"version-history":[{"count":0,"href":"https:\/\/ostrowskatv.pl\/index.php?rest_route=\/wp\/v2\/posts\/14474\/revisions"}],"wp:featuredmedia":[{"embeddable":true,"href":"https:\/\/ostrowskatv.pl\/index.php?rest_route=\/wp\/v2\/media\/14475"}],"wp:attachment":[{"href":"https:\/\/ostrowskatv.pl\/index.php?rest_route=%2Fwp%2Fv2%2Fmedia&parent=14474"}],"wp:term":[{"taxonomy":"category","embeddable":true,"href":"https:\/\/ostrowskatv.pl\/index.php?rest_route=%2Fwp%2Fv2%2Fcategories&post=14474"},{"taxonomy":"post_tag","embeddable":true,"href":"https:\/\/ostrowskatv.pl\/index.php?rest_route=%2Fwp%2Fv2%2Ftags&post=14474"}],"curies":[{"name":"wp","href":"https:\/\/api.w.org\/{rel}","templated":true}]}}