{"id":14467,"date":"2021-03-29T08:21:15","date_gmt":"2021-03-29T07:21:15","guid":{"rendered":"http:\/\/ostrowska.tv\/?p=14467"},"modified":"2021-03-29T08:28:23","modified_gmt":"2021-03-29T07:28:23","slug":"zmarla-najwierniejsza-fanka-ostrowskiego-zuzla","status":"publish","type":"post","link":"https:\/\/ostrowskatv.pl\/?p=14467","title":{"rendered":"Zmar\u0142a najwierniejsza fanka ostrowskiego \u017cu\u017cla"},"content":{"rendered":"<p><strong>W czwartek zmar\u0142a Kasia Garczarek, uwa\u017cana za jedn\u0105 z najwierniejszych fanek oddanych ostrowskiemu \u017cu\u017clowi. Mia\u0142a dopiero 27 lat, a mi\u0142o\u015b\u0107 do tego sportu rozpocz\u0119\u0142a si\u0119 jeszcze za czas\u00f3w Klubu Motorowego Ostr\u00f3w, kiedy sponsorem g\u0142\u00f3wnym by\u0142a firma Intar.\u00a0<\/strong><\/p>\n<p>Katarzyna Garczarek chodzi\u0142a na ostrowski \u017cu\u017cel z mam\u0105, ale tak\u017ce z innymi cz\u0142onkami rodziny. Od urodzenia chorowa\u0142a na uszkodzenie rdzenia kr\u0119gowego w odcinku szyjno-piersiowym. Mia\u0142a pora\u017cenie czteroko\u0144czynowe oraz p\u0119cherz neurogenny. W wyniku schorze\u0144 nie potrafi\u0142a samodzielnie siedzie\u0107 i wymaga\u0142a ca\u0142odobowej opieki. W\u00f3zek inwalidzki pozwala\u0142 jej poznawa\u0107 otaczaj\u0105cy j\u0105 \u015bwiat, a przede wszystkim &#8222;chodzi\u0107 na \u017cu\u017cel&#8221;.<\/p>\n<p>W czarnym sporcie najbardziej ceni\u0142a mo\u017cliwo\u015b\u0107 ogl\u0105dania rywalizacji oraz zapachu szlaki &#8211; wspomina jej mama pani Anna Garczarek.<\/p>\n<blockquote><p>&#8211; Jej idolami byli nie\u017cyj\u0105cy ju\u017c Tomasz &#8222;Og\u00f3r&#8221; J\u0119drzejak, a w ostatnim czasie Nicolai Klindt. &#8211; doda\u0142a pani Anna. &#8211; Kasia kocha\u0142a i lubi\u0142a ca\u0142\u0105 dru\u017cyn\u0119 Ostrovi. \u017bu\u017cel to by\u0142o jej hobby. Kiedy nie mog\u0142a by\u0107 obecna na jaki\u015b meczu, by\u0142a to dla niej traum\u0105. Ona te\u017c walczy\u0142a ze \u015bmierci\u0105 do ko\u0144ca swoich chwil &#8211; jak Ovia na torze nie poddawa\u0142a si\u0119, ale nie da\u0142a rady. &#8222;Ostro po swoje&#8221; &#8211; wspomina mama Kasi.<\/p><\/blockquote>\n<p>Rodzinie sk\u0142adamy szczere wyrazy wsp\u00f3\u0142czucia.<\/p>\n<p><img loading=\"lazy\" decoding=\"async\" src=\"http:\/\/ostrowska.tv\/wp-content\/uploads\/2021\/03\/katarzyna-garczarek2021.jpg\" alt=\"\" width=\"1728\" height=\"1296\" class=\"alignnone size-full wp-image-14471\" srcset=\"https:\/\/ostrowskatv.pl\/wp-content\/uploads\/2021\/03\/katarzyna-garczarek2021.jpg 1728w, https:\/\/ostrowskatv.pl\/wp-content\/uploads\/2021\/03\/katarzyna-garczarek2021-300x225.jpg 300w, https:\/\/ostrowskatv.pl\/wp-content\/uploads\/2021\/03\/katarzyna-garczarek2021-480x360.jpg 480w, https:\/\/ostrowskatv.pl\/wp-content\/uploads\/2021\/03\/katarzyna-garczarek2021-1536x1152.jpg 1536w\" sizes=\"auto, (max-width: 1728px) 100vw, 1728px\" \/><\/p>\n","protected":false},"excerpt":{"rendered":"W czwartek zmar\u0142a Kasia Garczarek, uwa\u017cana za jedn\u0105 z najwierniejszych fanek oddanych ostrowskiemu \u017cu\u017clowi. Mia\u0142a dopiero 27 lat, a mi\u0142o\u015b\u0107 do tego sportu \n<a class=\"moretag\" href=\"https:\/\/ostrowskatv.pl\/?p=14467\"> [...]<\/a>","protected":false},"author":1,"featured_media":14468,"comment_status":"open","ping_status":"closed","sticky":false,"template":"","format":"standard","meta":{"footnotes":""},"categories":[1],"tags":[12],"class_list":["post-14467","post","type-post","status-publish","format-standard","has-post-thumbnail","hentry","category-news","tag-smierc"],"_links":{"self":[{"href":"https:\/\/ostrowskatv.pl\/index.php?rest_route=\/wp\/v2\/posts\/14467","targetHints":{"allow":["GET"]}}],"collection":[{"href":"https:\/\/ostrowskatv.pl\/index.php?rest_route=\/wp\/v2\/posts"}],"about":[{"href":"https:\/\/ostrowskatv.pl\/index.php?rest_route=\/wp\/v2\/types\/post"}],"author":[{"embeddable":true,"href":"https:\/\/ostrowskatv.pl\/index.php?rest_route=\/wp\/v2\/users\/1"}],"replies":[{"embeddable":true,"href":"https:\/\/ostrowskatv.pl\/index.php?rest_route=%2Fwp%2Fv2%2Fcomments&post=14467"}],"version-history":[{"count":0,"href":"https:\/\/ostrowskatv.pl\/index.php?rest_route=\/wp\/v2\/posts\/14467\/revisions"}],"wp:featuredmedia":[{"embeddable":true,"href":"https:\/\/ostrowskatv.pl\/index.php?rest_route=\/wp\/v2\/media\/14468"}],"wp:attachment":[{"href":"https:\/\/ostrowskatv.pl\/index.php?rest_route=%2Fwp%2Fv2%2Fmedia&parent=14467"}],"wp:term":[{"taxonomy":"category","embeddable":true,"href":"https:\/\/ostrowskatv.pl\/index.php?rest_route=%2Fwp%2Fv2%2Fcategories&post=14467"},{"taxonomy":"post_tag","embeddable":true,"href":"https:\/\/ostrowskatv.pl\/index.php?rest_route=%2Fwp%2Fv2%2Ftags&post=14467"}],"curies":[{"name":"wp","href":"https:\/\/api.w.org\/{rel}","templated":true}]}}