{"id":14465,"date":"2021-03-25T23:07:26","date_gmt":"2021-03-25T22:07:26","guid":{"rendered":"http:\/\/ostrowska.tv\/?p=14465"},"modified":"2021-03-25T23:07:26","modified_gmt":"2021-03-25T22:07:26","slug":"uratowali-swinke-morska-i-psa-z-pozaru","status":"publish","type":"post","link":"https:\/\/ostrowskatv.pl\/?p=14465","title":{"rendered":"Uratowali \u015bwink\u0119 morsk\u0105 i psa z po\u017caru"},"content":{"rendered":"<p><strong>P\u0142omienie za oknem w s\u0105siednim budynku zauwa\u017cy\u0142a mieszkanka ulicy Wolno\u015bci w Ostrowie Wlkp. Zadzwoni\u0142a po stra\u017c po\u017carn\u0105. Ci dotarli w kr\u00f3tkim czasie i potwierdzili ogie\u0144 na klatce schodowej.<\/strong><\/p>\n<p>Gaszenie zaj\u0119\u0142o chwil\u0119, bowiem p\u0142on\u0119\u0142a szafka na buty. Zadymienie by\u0142o ju\u017c do\u015b\u0107 spore i przedosta\u0142o si\u0119 do s\u0105siedniego mieszkania. Stra\u017cacy ewakuowali z niego \u015bwink\u0119 morsk\u0105 i psa. Nikt z ludzi nie zosta\u0142 poszkodowany i nie by\u0142o potrzeby wzywania pogotowia ratunkowego.<\/p>\n<p>Akcja mia\u0142a miejsce pod adresem, gdzie ju\u017c dwukrotnie p\u0142on\u0119\u0142o mieszkanie, ale w innej cz\u0119\u015bci budynku.<\/p>\n<p><img loading=\"lazy\" decoding=\"async\" class=\"alignnone size-full wp-image-14464\" src=\"http:\/\/ostrowska.tv\/wp-content\/uploads\/2021\/03\/IMG_20210325_224518-01.jpeg\" alt=\"\" width=\"1365\" height=\"762\" srcset=\"https:\/\/ostrowskatv.pl\/wp-content\/uploads\/2021\/03\/IMG_20210325_224518-01.jpeg 1365w, https:\/\/ostrowskatv.pl\/wp-content\/uploads\/2021\/03\/IMG_20210325_224518-01-300x167.jpeg 300w, https:\/\/ostrowskatv.pl\/wp-content\/uploads\/2021\/03\/IMG_20210325_224518-01-640x357.jpeg 640w\" sizes=\"auto, (max-width: 1365px) 100vw, 1365px\" \/> <img loading=\"lazy\" decoding=\"async\" class=\"alignnone size-full wp-image-14463\" src=\"http:\/\/ostrowska.tv\/wp-content\/uploads\/2021\/03\/IMG_20210325_224421-01.jpeg\" alt=\"\" width=\"1025\" height=\"1366\" srcset=\"https:\/\/ostrowskatv.pl\/wp-content\/uploads\/2021\/03\/IMG_20210325_224421-01.jpeg 1025w, https:\/\/ostrowskatv.pl\/wp-content\/uploads\/2021\/03\/IMG_20210325_224421-01-225x300.jpeg 225w, https:\/\/ostrowskatv.pl\/wp-content\/uploads\/2021\/03\/IMG_20210325_224421-01-270x360.jpeg 270w\" sizes=\"auto, (max-width: 1025px) 100vw, 1025px\" \/> <img loading=\"lazy\" decoding=\"async\" class=\"alignnone size-full wp-image-14462\" src=\"http:\/\/ostrowska.tv\/wp-content\/uploads\/2021\/03\/IMG_20210325_224411-01.jpeg\" alt=\"\" width=\"1366\" height=\"890\" srcset=\"https:\/\/ostrowskatv.pl\/wp-content\/uploads\/2021\/03\/IMG_20210325_224411-01.jpeg 1366w, https:\/\/ostrowskatv.pl\/wp-content\/uploads\/2021\/03\/IMG_20210325_224411-01-300x195.jpeg 300w, https:\/\/ostrowskatv.pl\/wp-content\/uploads\/2021\/03\/IMG_20210325_224411-01-553x360.jpeg 553w\" sizes=\"auto, (max-width: 1366px) 100vw, 1366px\" \/><\/p>\n","protected":false},"excerpt":{"rendered":"P\u0142omienie za oknem w s\u0105siednim budynku zauwa\u017cy\u0142a mieszkanka ulicy Wolno\u015bci w Ostrowie Wlkp. Zadzwoni\u0142a po stra\u017c po\u017carn\u0105. Ci dotarli w kr\u00f3tkim czasie i \n<a class=\"moretag\" href=\"https:\/\/ostrowskatv.pl\/?p=14465\"> [...]<\/a>","protected":false},"author":1,"featured_media":14464,"comment_status":"open","ping_status":"closed","sticky":false,"template":"","format":"standard","meta":{"footnotes":""},"categories":[1],"tags":[2],"class_list":["post-14465","post","type-post","status-publish","format-standard","has-post-thumbnail","hentry","category-news","tag-ostrow-wielkopolski"],"_links":{"self":[{"href":"https:\/\/ostrowskatv.pl\/index.php?rest_route=\/wp\/v2\/posts\/14465","targetHints":{"allow":["GET"]}}],"collection":[{"href":"https:\/\/ostrowskatv.pl\/index.php?rest_route=\/wp\/v2\/posts"}],"about":[{"href":"https:\/\/ostrowskatv.pl\/index.php?rest_route=\/wp\/v2\/types\/post"}],"author":[{"embeddable":true,"href":"https:\/\/ostrowskatv.pl\/index.php?rest_route=\/wp\/v2\/users\/1"}],"replies":[{"embeddable":true,"href":"https:\/\/ostrowskatv.pl\/index.php?rest_route=%2Fwp%2Fv2%2Fcomments&post=14465"}],"version-history":[{"count":0,"href":"https:\/\/ostrowskatv.pl\/index.php?rest_route=\/wp\/v2\/posts\/14465\/revisions"}],"wp:featuredmedia":[{"embeddable":true,"href":"https:\/\/ostrowskatv.pl\/index.php?rest_route=\/wp\/v2\/media\/14464"}],"wp:attachment":[{"href":"https:\/\/ostrowskatv.pl\/index.php?rest_route=%2Fwp%2Fv2%2Fmedia&parent=14465"}],"wp:term":[{"taxonomy":"category","embeddable":true,"href":"https:\/\/ostrowskatv.pl\/index.php?rest_route=%2Fwp%2Fv2%2Fcategories&post=14465"},{"taxonomy":"post_tag","embeddable":true,"href":"https:\/\/ostrowskatv.pl\/index.php?rest_route=%2Fwp%2Fv2%2Ftags&post=14465"}],"curies":[{"name":"wp","href":"https:\/\/api.w.org\/{rel}","templated":true}]}}