{"id":14438,"date":"2021-03-21T21:43:43","date_gmt":"2021-03-21T20:43:43","guid":{"rendered":"http:\/\/ostrowska.tv\/?p=14438"},"modified":"2021-03-21T21:43:55","modified_gmt":"2021-03-21T20:43:55","slug":"sceniciem-oszczedzil-autobus-mzk-na-rondzie-bankowym","status":"publish","type":"post","link":"https:\/\/ostrowskatv.pl\/?p=14438","title":{"rendered":"Sceniciem oszcz\u0119dzi\u0142 autobus MZK na Rondzie Bankowym"},"content":{"rendered":"<p><strong>Kierowca s\u0119dziwego renault scenic czu\u0142 si\u0119 bardzo zwi\u0105zany ze swoim samochodem i prawdopodobnie z tego powodu nie wjecha\u0142 w autobus MZK. Kierowca osob\u00f3wki wjecha\u0142 na rondo od strony ulicy Wroc\u0142awskiej i wewn\u0119trznym pasem obje\u017cd\u017ca\u0142 je dooko\u0142a. <\/strong><\/p>\n<p>Na wysoko\u015bci z ulic\u0105 G\u0142ogowsk\u0105 postanowi\u0142 zmieni\u0107 pas na zewn\u0119trzny i zjecha\u0107 z ronda. Wtedy od strony targowiska wjecha\u0142 autobus MZK.<\/p>\n<p><iframe loading=\"lazy\" title=\"Autobus MZK i scenic na rondzie bankowym\" width=\"747\" height=\"420\" src=\"https:\/\/www.youtube.com\/embed\/LzOitCzhOIQ?feature=oembed\" frameborder=\"0\" allow=\"accelerometer; autoplay; clipboard-write; encrypted-media; gyroscope; picture-in-picture; web-share\" referrerpolicy=\"strict-origin-when-cross-origin\" allowfullscreen><\/iframe><\/p>\n","protected":false},"excerpt":{"rendered":"Kierowca s\u0119dziwego renault scenic czu\u0142 si\u0119 bardzo zwi\u0105zany ze swoim samochodem i prawdopodobnie z tego powodu nie wjecha\u0142 w autobus MZK. Kierowca osob\u00f3wki \n<a class=\"moretag\" href=\"https:\/\/ostrowskatv.pl\/?p=14438\"> [...]<\/a>","protected":false},"author":1,"featured_media":14439,"comment_status":"open","ping_status":"closed","sticky":false,"template":"","format":"standard","meta":{"footnotes":""},"categories":[1],"tags":[212],"class_list":["post-14438","post","type-post","status-publish","format-standard","has-post-thumbnail","hentry","category-news","tag-rondo-bankowe"],"_links":{"self":[{"href":"https:\/\/ostrowskatv.pl\/index.php?rest_route=\/wp\/v2\/posts\/14438","targetHints":{"allow":["GET"]}}],"collection":[{"href":"https:\/\/ostrowskatv.pl\/index.php?rest_route=\/wp\/v2\/posts"}],"about":[{"href":"https:\/\/ostrowskatv.pl\/index.php?rest_route=\/wp\/v2\/types\/post"}],"author":[{"embeddable":true,"href":"https:\/\/ostrowskatv.pl\/index.php?rest_route=\/wp\/v2\/users\/1"}],"replies":[{"embeddable":true,"href":"https:\/\/ostrowskatv.pl\/index.php?rest_route=%2Fwp%2Fv2%2Fcomments&post=14438"}],"version-history":[{"count":0,"href":"https:\/\/ostrowskatv.pl\/index.php?rest_route=\/wp\/v2\/posts\/14438\/revisions"}],"wp:featuredmedia":[{"embeddable":true,"href":"https:\/\/ostrowskatv.pl\/index.php?rest_route=\/wp\/v2\/media\/14439"}],"wp:attachment":[{"href":"https:\/\/ostrowskatv.pl\/index.php?rest_route=%2Fwp%2Fv2%2Fmedia&parent=14438"}],"wp:term":[{"taxonomy":"category","embeddable":true,"href":"https:\/\/ostrowskatv.pl\/index.php?rest_route=%2Fwp%2Fv2%2Fcategories&post=14438"},{"taxonomy":"post_tag","embeddable":true,"href":"https:\/\/ostrowskatv.pl\/index.php?rest_route=%2Fwp%2Fv2%2Ftags&post=14438"}],"curies":[{"name":"wp","href":"https:\/\/api.w.org\/{rel}","templated":true}]}}