{"id":1439,"date":"2016-05-21T18:59:41","date_gmt":"2016-05-21T17:59:41","guid":{"rendered":"http:\/\/ostrowska.tv\/?p=1439"},"modified":"2016-05-21T22:02:45","modified_gmt":"2016-05-21T21:02:45","slug":"dudek-wygral-memorial-rifa-zwyciestwo-dla-dziadka","status":"publish","type":"post","link":"https:\/\/ostrowskatv.pl\/?p=1439","title":{"rendered":"Dudek wygra\u0142 Memoria\u0142 Rifa. Zwyci\u0119stwo dla dziadka"},"content":{"rendered":"<p><strong>Memoria\u0142 Rifa Saitgariejewa zako\u0144czy\u0142 si\u0119 pe\u0142nym sukcesem sportowym i organizacyjnym. Na trybunach zasiad\u0142o oko\u0142o 7 tysi\u0119cy widz\u00f3w. Organizatorzy przygotowali ciekaw\u0105 opraw\u0119, podkre\u015blaj\u0105c\u0105 pami\u0119\u0107 o Tatarskiej Strzale. Zawody wygra\u0142 Patryk Dudek, reprezentuj\u0105cy na co dzie\u0144 dru\u017cyn\u0119 Ekantor.pl Falubaz Zielona G\u00f3ra.<\/strong><\/p>\n<p>Dudek w ca\u0142ych zawodach by\u0142 niemal bezb\u0142\u0119dny. Na torze pojawi\u0142 si\u0119 sze\u015bciokrotnie, z czego 5 razy zwyci\u0119\u017cy\u0142, a raz min\u0105\u0142 lini\u0119 mety na drugim miejscu. W fina\u0142owym wy\u015bcigu po starcie przegrywa\u0142, ale kapitalnym atakiem z du\u017c\u0105 lekko\u015bci\u0105 min\u0105\u0142 Bartosza Zmarzlika ze Stali Gorz\u00f3w.<\/p>\n<p>Na trzeciej pozycji zawody zako\u0144czy\u0142 Maciej Janowski z Betard Sparty Wroc\u0142aw. Na uwag\u0119 zas\u0142uguje znakomita frekwencja. Organizatorzy z klubu T\u017b Ostrovia ju\u017c teraz zapewniaj\u0105, \u017ce Memoria\u0142 odb\u0119dzie si\u0119 r\u00f3wnie\u017c w przysz\u0142ym roku.<\/p>\n<p>Jak powiedzia\u0142 r\u00f3wnie\u017c prezes Rados\u0142aw Strzelczyk, z pobytu w Ostrowie Wlkp. bardzo zadowoleni byli bliscy legendarnego \u017cu\u017clowca. Przypomnijmy, \u017ce dzi\u0119ki staraniom dzia\u0142aczy klubu na tegoroczny przyjecha\u0142a \u017cona wraz z jedn\u0105 z c\u00f3rek i wnuczkiem. Uda\u0142o si\u0119 to zorganizowa\u0107 po 20 latach od tragicznego wypadku Tatarskiej Strza\u0142y.<\/p>\n<div style=\"width: 640px;\" class=\"wp-video\"><video class=\"wp-video-shortcode\" id=\"video-1439-1\" width=\"640\" height=\"360\" preload=\"metadata\" controls=\"controls\"><source type=\"video\/mp4\" src=\"http:\/\/ostrowska.tv\/wp-content\/uploads\/2016\/05\/memorial-rifa-wywiady.mp4?_=1\" \/><a href=\"http:\/\/ostrowska.tv\/wp-content\/uploads\/2016\/05\/memorial-rifa-wywiady.mp4\">http:\/\/ostrowska.tv\/wp-content\/uploads\/2016\/05\/memorial-rifa-wywiady.mp4<\/a><\/video><\/div>\n<div style=\"width: 640px;\" class=\"wp-video\"><video class=\"wp-video-shortcode\" id=\"video-1439-2\" width=\"640\" height=\"360\" preload=\"metadata\" controls=\"controls\"><source type=\"video\/mp4\" src=\"http:\/\/ostrowska.tv\/wp-content\/uploads\/2016\/05\/oprawa-rif.mp4?_=2\" \/><a href=\"http:\/\/ostrowska.tv\/wp-content\/uploads\/2016\/05\/oprawa-rif.mp4\">http:\/\/ostrowska.tv\/wp-content\/uploads\/2016\/05\/oprawa-rif.mp4<\/a><\/video><\/div>\n<p>&nbsp;<\/p>\n<p>&nbsp;<\/p>\n","protected":false},"excerpt":{"rendered":"Memoria\u0142 Rifa Saitgariejewa zako\u0144czy\u0142 si\u0119 pe\u0142nym sukcesem sportowym i organizacyjnym. Na trybunach zasiad\u0142o oko\u0142o 7 tysi\u0119cy widz\u00f3w. Organizatorzy przygotowali ciekaw\u0105 opraw\u0119, podkre\u015blaj\u0105c\u0105 pami\u0119\u0107 \n<a class=\"moretag\" href=\"https:\/\/ostrowskatv.pl\/?p=1439\"> [...]<\/a>","protected":false},"author":1,"featured_media":1440,"comment_status":"open","ping_status":"open","sticky":false,"template":"","format":"standard","meta":{"footnotes":""},"categories":[1],"tags":[2],"class_list":["post-1439","post","type-post","status-publish","format-standard","has-post-thumbnail","hentry","category-news","tag-ostrow-wielkopolski"],"_links":{"self":[{"href":"https:\/\/ostrowskatv.pl\/index.php?rest_route=\/wp\/v2\/posts\/1439","targetHints":{"allow":["GET"]}}],"collection":[{"href":"https:\/\/ostrowskatv.pl\/index.php?rest_route=\/wp\/v2\/posts"}],"about":[{"href":"https:\/\/ostrowskatv.pl\/index.php?rest_route=\/wp\/v2\/types\/post"}],"author":[{"embeddable":true,"href":"https:\/\/ostrowskatv.pl\/index.php?rest_route=\/wp\/v2\/users\/1"}],"replies":[{"embeddable":true,"href":"https:\/\/ostrowskatv.pl\/index.php?rest_route=%2Fwp%2Fv2%2Fcomments&post=1439"}],"version-history":[{"count":0,"href":"https:\/\/ostrowskatv.pl\/index.php?rest_route=\/wp\/v2\/posts\/1439\/revisions"}],"wp:featuredmedia":[{"embeddable":true,"href":"https:\/\/ostrowskatv.pl\/index.php?rest_route=\/wp\/v2\/media\/1440"}],"wp:attachment":[{"href":"https:\/\/ostrowskatv.pl\/index.php?rest_route=%2Fwp%2Fv2%2Fmedia&parent=1439"}],"wp:term":[{"taxonomy":"category","embeddable":true,"href":"https:\/\/ostrowskatv.pl\/index.php?rest_route=%2Fwp%2Fv2%2Fcategories&post=1439"},{"taxonomy":"post_tag","embeddable":true,"href":"https:\/\/ostrowskatv.pl\/index.php?rest_route=%2Fwp%2Fv2%2Ftags&post=1439"}],"curies":[{"name":"wp","href":"https:\/\/api.w.org\/{rel}","templated":true}]}}